{"id":391,"date":"2022-12-06T15:34:18","date_gmt":"2022-12-06T15:34:18","guid":{"rendered":"https:\/\/neanoticias.com\/?p=391"},"modified":"2022-12-06T15:34:19","modified_gmt":"2022-12-06T15:34:19","slug":"corrientes-presento-la-32-fiesta-nacional-del-chamame-2023","status":"publish","type":"post","link":"https:\/\/neanoticias.com\/index.php\/2022\/12\/06\/corrientes-presento-la-32-fiesta-nacional-del-chamame-2023\/","title":{"rendered":"CORRIENTES PRESENT\u00d3 LA 32\u00b0 FIESTA NACIONAL DEL CHAMAM\u00c9 2023"},"content":{"rendered":"\n<p>El gobernador Gustavo Vald\u00e9s encabez\u00f3 el evento que se desarroll\u00f3 en el patio de Casa de Gobierno, donde ponder\u00f3 lo que irradia este g\u00e9nero musical para sus comprovincianos y caracteriz\u00f3 la trascendencia del mismo expresando que \u201ccuando se escucha un chamam\u00e9, se escucha a Corrientes, su m\u00fasica, sus animales, el r\u00edo, un sonido que viene de lo m\u00e1s profundo de nuestro pueblo\u201d.<\/p>\n\n\n\n<figure class=\"wp-block-image size-full\"><img loading=\"lazy\" width=\"700\" height=\"407\" src=\"https:\/\/neanoticias.com\/wp-content\/uploads\/2022\/12\/860519.jpg_nota.jpg\" alt=\"\" class=\"wp-image-392\" srcset=\"https:\/\/neanoticias.com\/wp-content\/uploads\/2022\/12\/860519.jpg_nota.jpg 700w, https:\/\/neanoticias.com\/wp-content\/uploads\/2022\/12\/860519.jpg_nota-300x174.jpg 300w\" sizes=\"(max-width: 700px) 100vw, 700px\" \/><\/figure>\n\n\n\n<p>Particip\u00f3\u00a0tambi\u00e9n el vicegobernador Pedro Braillard Poccard; integrantes del Gabinete provincial; el intendente de Capital, Eduardo Tassano; como as\u00ed tambi\u00e9n jefes comunales del interior dijeron presente, al darse a conocer uno de los eventos tur\u00edstico-culturales m\u00e1s importante de Corrientes, que tendr\u00e1 lugar del 13 al 24 de enero de 2023 en su edici\u00f3n nacional 32\u00b0, 18\u00b0 Fiesta del MERCOSUR y 2 Celebraci\u00f3n Mundial, en el ya tradicional Anfiteatro \u201cMario del Tr\u00e1nsito Cocomarola\u201d y bajo el lema: \u201cChamam\u00e9 para un nuevo mundo\u201d. En la oportunidad no falt\u00f3 la danza, interpretaciones musicaldes, un sapucay y la degustaci\u00f3n de comidas t\u00edpicas, que constituyen la esencia de esta joya de los correntinos que es Patrimonio Cultural Inmaterial de la Humanidad.<\/p>\n\n\n\n<p>El acto lanzamiento de la Fiesta grande de los correntinos inici\u00f3 al caer la tarde de este lunes, con la asistencia adem\u00e1s del presidente del Instituto de Cultura de Corrientes, Gabriel Romero; y el director general de la Fiesta del Chamam\u00e9, Eduardo S\u00edvori. Luego de la presentaci\u00f3n formal de las autoridades presentes, de los artistas y del p\u00fablico en general, se proyect\u00f3 el video institucional subtitulado \u201cChamam\u00e9 Patrimonio\u201d.<\/p>\n\n\n\n<p>Al tomar la palabra, Vald\u00e9s resalt\u00f3 \u201cla importancia de juntarnos en esta gran celebraci\u00f3n musical y el paso fundamental que dimos este a\u00f1o, siempre trabajando para otorgarle al chamam\u00e9 m\u00e1s vigor, porque surge de nuestras ra\u00edces, de nuestra esencia\u201d. Asegur\u00f3 que \u201cdesde el Gobierno provincial tratamos de brindar lo mejor que tenemos, m\u00e1s a\u00fan con la distinci\u00f3n de la UNESCO: el reconocimiento mundial como Patrimonio Cultural Inmaterial de la Humanidad\u201d.<\/p>\n\n\n\n<p>Asimismo, el Gobernador se\u00f1al\u00f3 que \u201ceste a\u00f1o, con el Ministerio de Educaci\u00f3n dimos volumen a una Ley que rescata nuestra lengua Guaran\u00ed, para que el estudio de este idioma se convierta en profesorado y as\u00ed ese conocimiento comience a derramarse entre nuestros j\u00f3venes; y florezca en nuestra gente, porque el guaran\u00ed junto al chamam\u00e9 es parte de nuestro orgullo y nuestras costumbres\u201d.<\/p>\n\n\n\n<p>Por \u00faltimo, el primer Mandatario record\u00f3 que \u201clanzamos el Programa \u00b4Chamam\u00e9 Pa\u00eds\u00b4 y pudimos de esta manera estar en otros lugares. Adem\u00e1s, gracias a la iniciativa, en la provincia de Buenos Aires se realizaron varias bailantas chamameceras con mucho \u00e9xito\u201d, a lo que agreg\u00f3 que \u201ctenemos que seguir haci\u00e9ndolo en el Norte Grande y llevar nuestra cultura bien lejos\u201d.<\/p>\n\n\n\n<p>Previo a Vald\u00e9s, el presidente del Instituto de Cultura expres\u00f3 que \u201cla Fiesta del Chamam\u00e9 es una fiesta que nos enorgullece, que es un poco la bandera cultural de la Provincia hacia afuera\u201d. A\u00f1adi\u00f3 que \u201cvenimos de una presentaci\u00f3n en Asunci\u00f3n (Paraguay), en donde nos acompa\u00f1\u00f3 tambi\u00e9n el gobernador Vald\u00e9s\u201d, y remarco que el chamam\u00e9 \u201cno solamente es una m\u00fasica, sino que es una cultura mucho m\u00e1s compleja que va m\u00e1s all\u00e1 de la danza y baile, tiene la posibilidad de transmitir valores\u201d.<\/p>\n\n\n\n<p>\u201cLa Fiesta es un momento del a\u00f1o, pero queremos poder vivirlo a lo largo de todo el a\u00f1o con diferentes acciones y actividades\u201d, dijo Romero. Para concluir, asegur\u00f3 que \u201ces fundamental la presencia de los municipios en la presente edici\u00f3n, porque la Fiesta del Chamam\u00e9 se va a desarrollar en varios municipios a la vez\u201d y cerr\u00f3, que en la oportunidad \u201cadem\u00e1s del valor cultural, estamos desarrollando y reforzando la idea del valor tur\u00edstico con esta iniciativa, que genera trabajo, ya que acerca a un grupo muy variado que va a venir a Corrientes y se va a trasladar a estos lugares\u201d.<\/p>\n\n\n\n<p><strong>Detalles de la celebraci\u00f3n<\/strong><\/p>\n\n\n\n<p>Eduardo S\u00edvori expres\u00f3 que \u201csiempre insistimos desde hace 20 a\u00f1os, cuando el chamam\u00e9 se hab\u00eda transformado en pol\u00edtica de estado para esta Provincia, sosteniendo cada vez con la vara m\u00e1s alta la Fiesta y siempre con nuevos desaf\u00edos\u201d. Record\u00f3 adem\u00e1s que \u201csiempre dijimos que el chamam\u00e9 era por todos y en esta edici\u00f3n creo que se va a visibilizar much\u00edsimo, porque invitamos a todos los municipios para que en cada lugar, simult\u00e1neamente tenga lugar la celebraci\u00f3n\u201d.<\/p>\n\n\n\n<p>En ese sentido, los municipios que ya confirmaron la programaci\u00f3n previsto para la realizaci\u00f3n de actividades culturales en el marco de la 32\u00aa Fiesta Nacional del Chamam\u00e9, son 9 de Julio, Riachuelo, Gobernador Mart\u00ednez, Ituzaing\u00f3, San Roque, Santa Ana, Lomas de Vallejos, Paraje Zapallo, Pueblo del Libertador, Empedrado y Santa Rosa.<\/p>\n\n\n\n<p>Por otra parte, el mencionado funcionario provincial asegur\u00f3 que \u201cel chamam\u00e9 se trata de mostrar nuestra diversidad, y por eso el lema de este a\u00f1o es una cuesti\u00f3n central: el chamam\u00e9 y todos los valores que promueve, que se desprenden de las letras chamameceras, que tienen que ver con el bailar abrazados, enchamigarse, este sincretismo que hay en mont\u00f3n de valores y de cosas que tienen que ver con nosotros\u201d.<\/p>\n\n\n\n<p>Al terminar los discursos de las autoridades provinciales, se reprodujo el Tr\u00e1iler Oficial de la Fiesta Nacional del Chamam\u00e9 2023, para dar paso a uno de los locutores oficiales que tendr\u00e1 el evento, Gustavo Altamirano. As\u00ed, inici\u00f3 la gran bailanta chamamecera con la actuaci\u00f3n del grupo Irundy y Sim\u00f3n Morales, acompa\u00f1ados de la danza a cargo de la actual pareja nacional del Chamam\u00e9, Milagros Cerd\u00e1n y Diego Jara; la pareja nacional juvenil del Chamam\u00e9, Oriana Ortielli y Andr\u00e9s Gonz\u00e1lez; y los ballets Divino Ni\u00f1o Jes\u00fas y Siete Corrientes.<\/p>\n","protected":false},"excerpt":{"rendered":"<p>El gobernador Gustavo Vald\u00e9s encabez\u00f3 el evento que se desarroll\u00f3 en el patio de Casa&#8230;<\/p>\n","protected":false},"author":1,"featured_media":392,"comment_status":"open","ping_status":"open","sticky":false,"template":"","format":"standard","meta":[],"categories":[1],"tags":[],"_links":{"self":[{"href":"https:\/\/neanoticias.com\/index.php\/wp-json\/wp\/v2\/posts\/391"}],"collection":[{"href":"https:\/\/neanoticias.com\/index.php\/wp-json\/wp\/v2\/posts"}],"about":[{"href":"https:\/\/neanoticias.com\/index.php\/wp-json\/wp\/v2\/types\/post"}],"author":[{"embeddable":true,"href":"https:\/\/neanoticias.com\/index.php\/wp-json\/wp\/v2\/users\/1"}],"replies":[{"embeddable":true,"href":"https:\/\/neanoticias.com\/index.php\/wp-json\/wp\/v2\/comments?post=391"}],"version-history":[{"count":1,"href":"https:\/\/neanoticias.com\/index.php\/wp-json\/wp\/v2\/posts\/391\/revisions"}],"predecessor-version":[{"id":393,"href":"https:\/\/neanoticias.com\/index.php\/wp-json\/wp\/v2\/posts\/391\/revisions\/393"}],"wp:featuredmedia":[{"embeddable":true,"href":"https:\/\/neanoticias.com\/index.php\/wp-json\/wp\/v2\/media\/392"}],"wp:attachment":[{"href":"https:\/\/neanoticias.com\/index.php\/wp-json\/wp\/v2\/media?parent=391"}],"wp:term":[{"taxonomy":"category","embeddable":true,"href":"https:\/\/neanoticias.com\/index.php\/wp-json\/wp\/v2\/categories?post=391"},{"taxonomy":"post_tag","embeddable":true,"href":"https:\/\/neanoticias.com\/index.php\/wp-json\/wp\/v2\/tags?post=391"}],"curies":[{"name":"wp","href":"https:\/\/api.w.org\/{rel}","templated":true}]}}