{"id":378,"date":"2022-12-06T13:54:20","date_gmt":"2022-12-06T13:54:20","guid":{"rendered":"https:\/\/neanoticias.com\/?p=378"},"modified":"2022-12-06T13:54:21","modified_gmt":"2022-12-06T13:54:21","slug":"duarte-sigue-profugo-robando-y-generando-miedo-en-esquina","status":"publish","type":"post","link":"https:\/\/neanoticias.com\/index.php\/2022\/12\/06\/duarte-sigue-profugo-robando-y-generando-miedo-en-esquina\/","title":{"rendered":"DUARTE SIGUE PR\u00d3FUGO, ROBANDO Y GENERANDO MIEDO EN ESQUINA"},"content":{"rendered":"\n<p>Durante el fin de semana atac\u00f3 a una mujer para llevarse su motocicleta y provoc\u00f3 da\u00f1os graves en una salita de primeros auxilios. Ni los perros rastreadores lograron dar con \u00e9l a pesar de que creen haberlo rodeado varias veces. Contin\u00faa libre y violento.<\/p>\n\n\n\n<figure class=\"wp-block-image size-full\"><img loading=\"lazy\" width=\"850\" height=\"527\" src=\"https:\/\/neanoticias.com\/wp-content\/uploads\/2022\/12\/1267033w850h527c.jpg.webp\" alt=\"\" class=\"wp-image-379\" srcset=\"https:\/\/neanoticias.com\/wp-content\/uploads\/2022\/12\/1267033w850h527c.jpg.webp 850w, https:\/\/neanoticias.com\/wp-content\/uploads\/2022\/12\/1267033w850h527c.jpg-300x186.webp 300w, https:\/\/neanoticias.com\/wp-content\/uploads\/2022\/12\/1267033w850h527c.jpg-768x476.webp 768w\" sizes=\"(max-width: 850px) 100vw, 850px\" \/><\/figure>\n\n\n\n<p>A punto de cumplir dos semanas de su incre\u00edble fuga de una comisar\u00eda de Esquina, el reo Silvio Sebasti\u00e1n Duarte lejos de buscar otros horizontes y alejarse lo m\u00e1s posible de donde lo est\u00e1n buscando, ya habr\u00eda protagonizado al menos tres robos y asaltos violentos. Seg\u00fan algunos testigos estar\u00eda armado, por lo que la Polic\u00eda lo considera altamente peligroso. La comunidad esquinense contin\u00faa temerosa, ya que todos sus ataques, desde que logr\u00f3 escapar de su celda, ocurrieron de noche o de madrugada. Ayer, la Polic\u00eda detuvo a un menor de edad en cuyo poder estaba un celular denunciado por la v\u00edctima, como robado por el pr\u00f3fugo, pero de \u00e9l nada se sabe.<\/p>\n\n\n\n<p>Desde su escape, a Duarte, de 32 a\u00f1os, lo ligaron con un robo de madrugada en una estancia de donde se llev\u00f3 una importante suma de dinero. Antes de eso habr\u00eda asaltado a otro hombre que circulaba en moto, al que tambi\u00e9n golpe\u00f3 para quedarse con su veh\u00edculo. Al d\u00eda siguiente lo identificaron perpetrando un violento asalto a un comercio muy pr\u00f3ximo a la terminal, otra vez de madrugada, donde la esposa de la v\u00edctima corri\u00f3 y golpe\u00f3 con una pala al malviviente.<\/p>\n\n\n\n<p>El domingo, nuevamente, atac\u00f3 a una mujer para robarle su motocicleta y fue reportado provocando da\u00f1os en una salita de primeros auxilios ubicada en un lugar apartado del centro de la ciudad, ya casi en zona rural. Seg\u00fan fuentes del caso, ser\u00eda en Villa Rosita, a unos 5 kil\u00f3metros al sur de la ciudad, en la zona del matadero municipal.<\/p>\n\n\n\n<p>Tras estos hechos los investigadores solicitaron el env\u00edo de refuerzos. De este modo llegaron a Esquina equipos de rastrillaje y varios canes pertenecientes a la Divisi\u00f3n K9 de la Polic\u00eda de Corrientes que posee perros adiestrados en b\u00fasqueda y localizaci\u00f3n de personas perdidas. Pero pese a todo el movimiento de fuerzas, m\u00f3viles y equipos especiales, Duarte contin\u00faa causando terror en la poblaci\u00f3n.<\/p>\n\n\n\n<p>Del \u00faltimo robo implicado a Duarte en el fin de semana se habr\u00eda llevado consigo un celular que pertenec\u00eda a una de sus v\u00edctimas. Este aparato fue rastreado y recuperado el viernes a la tarde por la Polic\u00eda luego de un procedimiento en el que se demor\u00f3 a un menor de 17 a\u00f1os de apellido Godoy, quien ten\u00eda en su poder el tel\u00e9fono.<\/p>\n\n\n\n<p>El menor le habr\u00eda confirmado a la Polic\u00eda que ten\u00eda alg\u00fan tipo de relaci\u00f3n de amistad con Duarte y que se iban a encontrar horas m\u00e1s tarde en un lugar pactado. Incre\u00edblemente, mientras la Polic\u00eda intentaba montar un operativo para poder capturar al pr\u00f3fugo, se hizo presente en el lugar un juez de menores junto a la madre del chico arrestado y lograron liberarlo. De esta manera termin\u00f3 por derrumbarse una oportunidad m\u00e1s de detener al pr\u00f3fugo.<\/p>\n\n\n\n<p>En principio, la b\u00fasqueda iba a estar destinada a tratar de localizar a Duarte en la zona de montes cercanos a Esquina, pero evidentemente el modus operandi del sujeto va modific\u00e1ndose permanentemente o al menos es lo que manejan como l\u00ednea investigativa la Polic\u00eda local y un nuevo comisario mayor de apellido Montiel que habr\u00eda llegado desde Santa Luc\u00eda. Al parecer, la superioridad le encomend\u00f3 hacerse cargo del caso, pero hasta ahora sin resultados positivos. Una sospecha que cada vez est\u00e1 cobrando m\u00e1s fuerzas es que extra\u00f1amente Duarte va siempre un paso adelante de los movimientos de la Polic\u00eda.<\/p>\n\n\n\n<p>Si bien el hermetismo es muy fuerte en torno al caso, nadie confirma, pero tampoco niegan que exista alg\u00fan tipo de filtraci\u00f3n interna. Lo \u00fanico que s\u00ed est\u00e1 claro es que Duarte contin\u00faa pr\u00f3fugo y la comunidad esquinense sigue temerosa por su accionar. Pese a ello se solicit\u00f3 a la poblaci\u00f3n que aporte datos concretos llamando a la l\u00ednea gratuita 101.<\/p>\n\n\n\n<h2>Refuerzan seguridaden zonas bancarias<\/h2>\n\n\n\n<p>La Polic\u00eda de Corrientes inform\u00f3 ayer que se ha desarrollado un dispositivo especial de prevenci\u00f3n que ser\u00e1 desplegado en zona bancaria, entidades financieras y cajeros autom\u00e1ticos en los pr\u00f3ximos d\u00edas.<\/p>\n\n\n\n<p>El procedimiento tiene relaci\u00f3n directa con los anuncios de fechas de pagos de sueldo, aguinaldos, primero y segundo plus, respectivamente, para empleados estatales provinciales como as\u00ed tambi\u00e9n aquellos nacionales beneficiarios de ANSES (Jubilaciones y Pensiones), los que se har\u00e1n efectivos en entidades bancarias, cajeros autom\u00e1ticos u organismos de cobranzas extrabancarias, como por ejemplo Rapipago, Pago F\u00e1cil, entre otros.<\/p>\n\n\n\n<p>Este dispositivo ser\u00e1 implementado no s\u00f3lo en la capital provincial, sino tambi\u00e9n en el interior y por el plazo que se extienda la efectivizaci\u00f3n de aquellos beneficios.<\/p>\n\n\n\n<p>Para ello se utilizar\u00e1 a todo el personal disponible que ser\u00e1n ubicados dentro y fuera de aquellas entidades y tambi\u00e9n para el ordenamiento del tr\u00e1nsito en las zonas cr\u00edticas.<\/p>\n","protected":false},"excerpt":{"rendered":"<p>Durante el fin de semana atac\u00f3 a una mujer para llevarse su motocicleta y provoc\u00f3&#8230;<\/p>\n","protected":false},"author":1,"featured_media":379,"comment_status":"open","ping_status":"open","sticky":false,"template":"","format":"standard","meta":[],"categories":[1],"tags":[],"_links":{"self":[{"href":"https:\/\/neanoticias.com\/index.php\/wp-json\/wp\/v2\/posts\/378"}],"collection":[{"href":"https:\/\/neanoticias.com\/index.php\/wp-json\/wp\/v2\/posts"}],"about":[{"href":"https:\/\/neanoticias.com\/index.php\/wp-json\/wp\/v2\/types\/post"}],"author":[{"embeddable":true,"href":"https:\/\/neanoticias.com\/index.php\/wp-json\/wp\/v2\/users\/1"}],"replies":[{"embeddable":true,"href":"https:\/\/neanoticias.com\/index.php\/wp-json\/wp\/v2\/comments?post=378"}],"version-history":[{"count":1,"href":"https:\/\/neanoticias.com\/index.php\/wp-json\/wp\/v2\/posts\/378\/revisions"}],"predecessor-version":[{"id":380,"href":"https:\/\/neanoticias.com\/index.php\/wp-json\/wp\/v2\/posts\/378\/revisions\/380"}],"wp:featuredmedia":[{"embeddable":true,"href":"https:\/\/neanoticias.com\/index.php\/wp-json\/wp\/v2\/media\/379"}],"wp:attachment":[{"href":"https:\/\/neanoticias.com\/index.php\/wp-json\/wp\/v2\/media?parent=378"}],"wp:term":[{"taxonomy":"category","embeddable":true,"href":"https:\/\/neanoticias.com\/index.php\/wp-json\/wp\/v2\/categories?post=378"},{"taxonomy":"post_tag","embeddable":true,"href":"https:\/\/neanoticias.com\/index.php\/wp-json\/wp\/v2\/tags?post=378"}],"curies":[{"name":"wp","href":"https:\/\/api.w.org\/{rel}","templated":true}]}}