{"id":375,"date":"2022-12-06T13:53:22","date_gmt":"2022-12-06T13:53:22","guid":{"rendered":"https:\/\/neanoticias.com\/?p=375"},"modified":"2022-12-06T13:53:23","modified_gmt":"2022-12-06T13:53:23","slug":"mujeres-y-hombres-heridos-en-una-reyerta-de-familias-vecinas","status":"publish","type":"post","link":"https:\/\/neanoticias.com\/index.php\/2022\/12\/06\/mujeres-y-hombres-heridos-en-una-reyerta-de-familias-vecinas\/","title":{"rendered":"MUJERES Y HOMBRES HERIDOS EN UNA REYERTA DE FAMILIAS VECINAS"},"content":{"rendered":"\n<p>Palos, cuchillos, machetes, botellas de vidrio y piedras fue lo que utilizaron personas que viven a escasa distancia entre s\u00ed para agredirse desde hace una semana. Hay tanto denuncias como amenazas cruzadas. Ayer la Polic\u00eda tuvo que mediar para impedir alguna muerte.<\/p>\n\n\n\n<figure class=\"wp-block-image size-full\"><img loading=\"lazy\" width=\"850\" height=\"526\" src=\"https:\/\/neanoticias.com\/wp-content\/uploads\/2022\/12\/1267026w850h526c.jpg.webp\" alt=\"\" class=\"wp-image-376\" srcset=\"https:\/\/neanoticias.com\/wp-content\/uploads\/2022\/12\/1267026w850h526c.jpg.webp 850w, https:\/\/neanoticias.com\/wp-content\/uploads\/2022\/12\/1267026w850h526c.jpg-300x186.webp 300w, https:\/\/neanoticias.com\/wp-content\/uploads\/2022\/12\/1267026w850h526c.jpg-768x475.webp 768w\" sizes=\"(max-width: 850px) 100vw, 850px\" \/><\/figure>\n\n\n\n<p>Dos familias del barrio Esperanza, en la zona Sureste de la capital de Corrientes, mantienen una rivalidad que en la \u00faltima semana explot\u00f3 de forma sangrienta. Mujeres y hombres resultaron heridos en una &#8220;batalla campal&#8221; en la que utilizaron machetes, cuchillos, palos, piedras y botellas de vidrio.<\/p>\n\n\n\n<p>La Polic\u00eda debi\u00f3 intervenir ayer a la madrugada, cuando ambos grupos de personas manten\u00edan una ri\u00f1a de grandes dimensiones en zona del asentamiento, pr\u00f3ximo al matadero municipal.<\/p>\n\n\n\n<p>Una mujer embarazada, su vecina, un adolescente, un anciano y otro hombre resultaron con lesiones de diversa consideraci\u00f3n, como consecuencia de golpes con objetos contundentes.<\/p>\n\n\n\n<p>En sus respectivas denuncias, ambas partes expusieron estar &#8220;amenazadas de muerte&#8221; y que en m\u00e1s de una oportunidad solicitaron a las autoridades su intervenci\u00f3n antes de que todo termine en una tragedia.<\/p>\n\n\n\n<p>De acuerdo a informaci\u00f3n conocida por diario \u00e9poca, ayer, a eso de la 0:30, llamados telef\u00f3nicos al 911 de vecinos desesperados pidieron el env\u00edo de polic\u00edas porque suced\u00eda una pelea en la que, incluso, escucharon detonaciones de un arma de fuego.<\/p>\n\n\n\n<p>Efectivos de la comisar\u00eda seccional Decimocuarta y del Grupo de Respuesta Inmediata Motorizada 2 acudieron al escenario del los enfrentamientos.<\/p>\n\n\n\n<p>Entre medio de decenas de personas asistieron a un par de mujeres y a un hombre de avanzada edad, a quien debieron trasladar hacia el Centro de Atenci\u00f3n Primaria de la Salud 5 (CAPS 5) del barrio Doctor Monta\u00f1a, en primera instancia, para luego desde all\u00ed ser derivado al Hospital Escuela.<\/p>\n\n\n\n<p>A una joven en estado de gestaci\u00f3n socorrieron a causa de una herida en la cabeza producto de &#8220;machetazo&#8221;, seg\u00fan denunci\u00f3 posteriormente.<\/p>\n\n\n\n<p>&#8220;Por suerte el golpe con el machete fue con la parte sin filo&#8221;, dijo la damnificada que acusa una inflamaci\u00f3n y la marca lineal del golpe con el objeto met\u00e1lico.<\/p>\n\n\n\n<p>La reyerta fue presenciada por menores de edad, hijos de integrantes de ambas familias que se denunciaron mutuamente.<\/p>\n\n\n\n<p>La presencia policial disip\u00f3 a los bandos enemistados y llev\u00f3 algo de calma a un barrio convulsionado.<\/p>\n\n\n\n<p>El conflicto empez\u00f3 a agravarse desde el inicio de este mes.<\/p>\n\n\n\n<p>El principio de la enemistad estar\u00eda relacionada a la tenencia o propiedad de un caballo.<\/p>\n\n\n\n<h2>&#8220;Patadas&#8221;<\/h2>\n\n\n\n<p>Gilda Noem\u00ed S. hizo menci\u00f3n en su denuncia, caratulada como &#8220;lesiones graves&#8221;, que dos hombres la rodearon en el patio de su casa adonde entraron sin permiso y comenzaron a pegarle &#8220;trompadas y patadas&#8221;, mientras en la vereda m\u00e1s contrincantes efectuaron un disparo con el uso de una escopeta.<\/p>\n\n\n\n<p>Seg\u00fan dichos de Gilda, una moto de su propiedad fue &#8220;destruida&#8221; al igual que el port\u00f3n de acceso.<\/p>\n\n\n\n<p>A la vez, la mujer afirm\u00f3 tener miedo por la integridad de su n\u00facleo familiar, principalmente de los hermanos y hermanas menores de edad.<\/p>\n\n\n\n<h2>La otra parte<\/h2>\n\n\n\n<p>Mariana Haide\u00e9 M. radic\u00f3 denuncia de &#8220;lesiones graves&#8221; en la seccional Decimocuarta, en la cual mencion\u00f3 algunos detalles de lo que habr\u00eda pasado ayer a la madrugada.<\/p>\n\n\n\n<p>&#8220;Est\u00e1bamos cenando en la casa de mi hermana junto a mi padre y de la nada los vecinos de al lado empezaron a tirar cascotes&#8221;, dijo.<\/p>\n\n\n\n<p>Despu\u00e9s del inicio de la contienda, expres\u00f3 que a su padre, llamado Bernardo, lo golpearon con un palo en distintas partes del cuerpo y a ella la corrieron con una cadena.<\/p>\n\n\n\n<p>&#8220;Dec\u00edan que nos iban a acuchillar y a prender fuego la casa, pasaban mostrando un bid\u00f3n con nafta. Acud\u00ed varias veces a la Polic\u00eda, pero no tenemos soluci\u00f3n&#8221;, explic\u00f3.<\/p>\n","protected":false},"excerpt":{"rendered":"<p>Palos, cuchillos, machetes, botellas de vidrio y piedras fue lo que utilizaron personas que viven&#8230;<\/p>\n","protected":false},"author":1,"featured_media":376,"comment_status":"open","ping_status":"open","sticky":false,"template":"","format":"standard","meta":[],"categories":[1],"tags":[],"_links":{"self":[{"href":"https:\/\/neanoticias.com\/index.php\/wp-json\/wp\/v2\/posts\/375"}],"collection":[{"href":"https:\/\/neanoticias.com\/index.php\/wp-json\/wp\/v2\/posts"}],"about":[{"href":"https:\/\/neanoticias.com\/index.php\/wp-json\/wp\/v2\/types\/post"}],"author":[{"embeddable":true,"href":"https:\/\/neanoticias.com\/index.php\/wp-json\/wp\/v2\/users\/1"}],"replies":[{"embeddable":true,"href":"https:\/\/neanoticias.com\/index.php\/wp-json\/wp\/v2\/comments?post=375"}],"version-history":[{"count":1,"href":"https:\/\/neanoticias.com\/index.php\/wp-json\/wp\/v2\/posts\/375\/revisions"}],"predecessor-version":[{"id":377,"href":"https:\/\/neanoticias.com\/index.php\/wp-json\/wp\/v2\/posts\/375\/revisions\/377"}],"wp:featuredmedia":[{"embeddable":true,"href":"https:\/\/neanoticias.com\/index.php\/wp-json\/wp\/v2\/media\/376"}],"wp:attachment":[{"href":"https:\/\/neanoticias.com\/index.php\/wp-json\/wp\/v2\/media?parent=375"}],"wp:term":[{"taxonomy":"category","embeddable":true,"href":"https:\/\/neanoticias.com\/index.php\/wp-json\/wp\/v2\/categories?post=375"},{"taxonomy":"post_tag","embeddable":true,"href":"https:\/\/neanoticias.com\/index.php\/wp-json\/wp\/v2\/tags?post=375"}],"curies":[{"name":"wp","href":"https:\/\/api.w.org\/{rel}","templated":true}]}}