{"id":370,"date":"2022-11-29T11:20:46","date_gmt":"2022-11-29T11:20:46","guid":{"rendered":"https:\/\/neanoticias.com\/?p=370"},"modified":"2022-11-29T11:20:47","modified_gmt":"2022-11-29T11:20:47","slug":"tassano-superviso-obras-en-la-plazoleta-belgrano","status":"publish","type":"post","link":"https:\/\/neanoticias.com\/index.php\/2022\/11\/29\/tassano-superviso-obras-en-la-plazoleta-belgrano\/","title":{"rendered":"TASSANO SUPERVIS\u00d3 OBRAS EN LA PLAZOLETA BELGRANO"},"content":{"rendered":"\n<p>El intendente Eduardo Tassano recorri\u00f3 este jueves la plazoleta Belgrano, ubicada en la bajada del puente hom\u00f3nimo, donde comenzaron los trabajos de mejoras y renovaci\u00f3n de infraestructura<\/p>\n\n\n\n<figure class=\"wp-container-2 wp-block-gallery-1 wp-block-gallery has-nested-images columns-default is-cropped\">\n<figure class=\"wp-block-image size-large\"><img loading=\"lazy\" width=\"1024\" height=\"660\" data-id=\"372\"  src=\"https:\/\/neanoticias.com\/wp-content\/uploads\/2022\/11\/2022-11-29-08_18_07-Tassano-superviso-obras-en-la-plazoleta-Belgrano-YouTube-1024x660.jpg\" alt=\"\" class=\"wp-image-372\" srcset=\"https:\/\/neanoticias.com\/wp-content\/uploads\/2022\/11\/2022-11-29-08_18_07-Tassano-superviso-obras-en-la-plazoleta-Belgrano-YouTube-1024x660.jpg 1024w, https:\/\/neanoticias.com\/wp-content\/uploads\/2022\/11\/2022-11-29-08_18_07-Tassano-superviso-obras-en-la-plazoleta-Belgrano-YouTube-300x193.jpg 300w, https:\/\/neanoticias.com\/wp-content\/uploads\/2022\/11\/2022-11-29-08_18_07-Tassano-superviso-obras-en-la-plazoleta-Belgrano-YouTube-768x495.jpg 768w, https:\/\/neanoticias.com\/wp-content\/uploads\/2022\/11\/2022-11-29-08_18_07-Tassano-superviso-obras-en-la-plazoleta-Belgrano-YouTube.jpg 1175w\" sizes=\"(max-width: 1024px) 100vw, 1024px\" \/><\/figure>\n<\/figure>\n\n\n\n<p>se conectar\u00e1n est\u00e9ticamente con posteriores labores similares que se llevar\u00e1n a cabo en el paseo Arazaty, tambi\u00e9n ubicado en la zona pr\u00f3xima al viaducto interprovincial.<\/p>\n\n\n\n<figure class=\"wp-block-embed is-type-video is-provider-youtube wp-block-embed-youtube wp-embed-aspect-16-9 wp-has-aspect-ratio\"><div class=\"wp-block-embed__wrapper\">\n<iframe loading=\"lazy\" title=\"Tassano supervis\u00f3 obras en la plazoleta Belgrano\" width=\"640\" height=\"360\" src=\"https:\/\/www.youtube.com\/embed\/07LkUex3s3s?feature=oembed\" frameborder=\"0\" allow=\"accelerometer; autoplay; clipboard-write; encrypted-media; gyroscope; picture-in-picture\" allowfullscreen><\/iframe>\n<\/div><\/figure>\n\n\n\n<p>Adem\u00e1s de optimizar el espacio verde que lleva el nombre del creador de la bandera nacional y el paseo Arazaty, el objetivo es tambi\u00e9n poder unirlos arquitect\u00f3nicamente con las mejoras que se realizan en la Costanera norte en el denominado circuito hist\u00f3rico y cultural \u00d1anderek\u00f3, a cargo del Gobierno provincial.<\/p>\n","protected":false},"excerpt":{"rendered":"<p>El intendente Eduardo Tassano recorri\u00f3 este jueves la plazoleta Belgrano, ubicada en la bajada del&#8230;<\/p>\n","protected":false},"author":1,"featured_media":372,"comment_status":"open","ping_status":"open","sticky":false,"template":"","format":"standard","meta":[],"categories":[1],"tags":[],"_links":{"self":[{"href":"https:\/\/neanoticias.com\/index.php\/wp-json\/wp\/v2\/posts\/370"}],"collection":[{"href":"https:\/\/neanoticias.com\/index.php\/wp-json\/wp\/v2\/posts"}],"about":[{"href":"https:\/\/neanoticias.com\/index.php\/wp-json\/wp\/v2\/types\/post"}],"author":[{"embeddable":true,"href":"https:\/\/neanoticias.com\/index.php\/wp-json\/wp\/v2\/users\/1"}],"replies":[{"embeddable":true,"href":"https:\/\/neanoticias.com\/index.php\/wp-json\/wp\/v2\/comments?post=370"}],"version-history":[{"count":1,"href":"https:\/\/neanoticias.com\/index.php\/wp-json\/wp\/v2\/posts\/370\/revisions"}],"predecessor-version":[{"id":373,"href":"https:\/\/neanoticias.com\/index.php\/wp-json\/wp\/v2\/posts\/370\/revisions\/373"}],"wp:featuredmedia":[{"embeddable":true,"href":"https:\/\/neanoticias.com\/index.php\/wp-json\/wp\/v2\/media\/372"}],"wp:attachment":[{"href":"https:\/\/neanoticias.com\/index.php\/wp-json\/wp\/v2\/media?parent=370"}],"wp:term":[{"taxonomy":"category","embeddable":true,"href":"https:\/\/neanoticias.com\/index.php\/wp-json\/wp\/v2\/categories?post=370"},{"taxonomy":"post_tag","embeddable":true,"href":"https:\/\/neanoticias.com\/index.php\/wp-json\/wp\/v2\/tags?post=370"}],"curies":[{"name":"wp","href":"https:\/\/api.w.org\/{rel}","templated":true}]}}