{"id":366,"date":"2022-11-29T11:17:19","date_gmt":"2022-11-29T11:17:19","guid":{"rendered":"https:\/\/neanoticias.com\/?p=366"},"modified":"2022-11-29T11:17:20","modified_gmt":"2022-11-29T11:17:20","slug":"luis-enrique-contra-japon-no-especularemos","status":"publish","type":"post","link":"https:\/\/neanoticias.com\/index.php\/2022\/11\/29\/luis-enrique-contra-japon-no-especularemos\/","title":{"rendered":"LUIS ENRIQUE: &#8220;CONTRA JAP\u00d3N NO ESPECULAREMOS&#8221;"},"content":{"rendered":"\n<p>El seleccionador de Espa\u00f1a asegur\u00f3 hoy que &#8220;no especular\u00e1n&#8221; ante los japoneses, rival del pr\u00f3ximo mi\u00e9rcoles por la tercera y \u00faltima fecha del grupo E del Mundial de Qatar 2022.<\/p>\n\n\n\n<figure class=\"wp-block-image size-large\"><img loading=\"lazy\" width=\"1024\" height=\"576\" src=\"https:\/\/neanoticias.com\/wp-content\/uploads\/2022\/11\/6383efae6473a_1200-1024x576.jpg\" alt=\"\" class=\"wp-image-367\" srcset=\"https:\/\/neanoticias.com\/wp-content\/uploads\/2022\/11\/6383efae6473a_1200-1024x576.jpg 1024w, https:\/\/neanoticias.com\/wp-content\/uploads\/2022\/11\/6383efae6473a_1200-300x169.jpg 300w, https:\/\/neanoticias.com\/wp-content\/uploads\/2022\/11\/6383efae6473a_1200-768x432.jpg 768w, https:\/\/neanoticias.com\/wp-content\/uploads\/2022\/11\/6383efae6473a_1200.jpg 1200w\" sizes=\"(max-width: 1024px) 100vw, 1024px\" \/><\/figure>\n\n\n\n<p>El seleccionador de Espa\u00f1a, Luis Enrique, asegur\u00f3 hoy que sus dirigidos &#8220;no especular\u00e1n&#8221; ante Jap\u00f3n, rival del pr\u00f3ximo mi\u00e9rcoles por la tercera y \u00faltima fecha del grupo E del Mundial de Qatar 2022.<\/p>\n\n\n\n<p>&#8220;Jap\u00f3n nos va a presentar dificultades por la calidad. Muchos juegan en la Bundesliga. No ser\u00e1 f\u00e1cil por la necesidad que tendr\u00e1n si, yendo empatados, Alemania va ganando a Costa Rica. No especularemos&#8221;, afirm\u00f3 Luis Enrique en su canal oficial de Twitch.<\/p>\n\n\n\n<p>&#8220;Jap\u00f3n tiene jugadores de calidad, no f\u00edsicamente muy fuertes, pero s\u00ed muy r\u00e1pidos. Con dos tendencias: cuando no necesitan llegar al resultado se quedan en su campo y replegados, pero cuando van perdiendo son capaces de presionar. Contra nosotros pueden pasar esas dos circunstancias y tenemos que estar preparados&#8221;, analiz\u00f3 el ex DT de Barcelona de Espa\u00f1a.<\/p>\n\n\n\n<p>El grupo E ofrece paridad con vistas a la clasificaci\u00f3n a los octavos de final. Espa\u00f1a lidera con 4 puntos, seguido de Jap\u00f3n y Costa Rica (3), y Alemania (1).<\/p>\n\n\n\n<p>Luis Enrique, en otra entrega distendida de su charla en Twitch, revel\u00f3 el di\u00e1logo que tuvo con el seleccionador alem\u00e1n Hansi Flick, luego del empate 1-1 del domingo pasado: &#8220;Hemos quedado para la final, como si fu\u00e9ramos una pareja. La \u00fanica v\u00eda de poder encontrarnos otra vez a Alemania es en la final. Un poco de broma o en serio dijimos que nos veremos el 18 en Doha para jugar la final&#8221;.<\/p>\n\n\n\n<p>Por otra parte, le consultaron si en caso de ganar el Mundial de Qatar se presentar\u00eda como candidato a presidente en su pa\u00eds, y contest\u00f3 lo siguiente: &#8220;Bueno, podr\u00eda ser una opci\u00f3n. Eso s\u00ed, me comprometer\u00eda a que si el primer a\u00f1o no cumplo el 50% de lo que prometo en campa\u00f1a, lo dejo. El que quiera gobernar que gobierne pero que cumpla el 50% por lo menos. Hablar, hablan muy bien, pero no veo a ning\u00fan partido en la oposici\u00f3n que valore algo que haya hecho bien el gobierno, el que sea. Un poco de sentido com\u00fan&#8221;.<\/p>\n\n\n\n<p><\/p>\n","protected":false},"excerpt":{"rendered":"<p>El seleccionador de Espa\u00f1a asegur\u00f3 hoy que &#8220;no especular\u00e1n&#8221; ante los japoneses, rival del pr\u00f3ximo&#8230;<\/p>\n","protected":false},"author":1,"featured_media":367,"comment_status":"open","ping_status":"open","sticky":false,"template":"","format":"standard","meta":[],"categories":[1],"tags":[],"_links":{"self":[{"href":"https:\/\/neanoticias.com\/index.php\/wp-json\/wp\/v2\/posts\/366"}],"collection":[{"href":"https:\/\/neanoticias.com\/index.php\/wp-json\/wp\/v2\/posts"}],"about":[{"href":"https:\/\/neanoticias.com\/index.php\/wp-json\/wp\/v2\/types\/post"}],"author":[{"embeddable":true,"href":"https:\/\/neanoticias.com\/index.php\/wp-json\/wp\/v2\/users\/1"}],"replies":[{"embeddable":true,"href":"https:\/\/neanoticias.com\/index.php\/wp-json\/wp\/v2\/comments?post=366"}],"version-history":[{"count":1,"href":"https:\/\/neanoticias.com\/index.php\/wp-json\/wp\/v2\/posts\/366\/revisions"}],"predecessor-version":[{"id":368,"href":"https:\/\/neanoticias.com\/index.php\/wp-json\/wp\/v2\/posts\/366\/revisions\/368"}],"wp:featuredmedia":[{"embeddable":true,"href":"https:\/\/neanoticias.com\/index.php\/wp-json\/wp\/v2\/media\/367"}],"wp:attachment":[{"href":"https:\/\/neanoticias.com\/index.php\/wp-json\/wp\/v2\/media?parent=366"}],"wp:term":[{"taxonomy":"category","embeddable":true,"href":"https:\/\/neanoticias.com\/index.php\/wp-json\/wp\/v2\/categories?post=366"},{"taxonomy":"post_tag","embeddable":true,"href":"https:\/\/neanoticias.com\/index.php\/wp-json\/wp\/v2\/tags?post=366"}],"curies":[{"name":"wp","href":"https:\/\/api.w.org\/{rel}","templated":true}]}}