{"id":363,"date":"2022-11-29T11:15:20","date_gmt":"2022-11-29T11:15:20","guid":{"rendered":"https:\/\/neanoticias.com\/?p=363"},"modified":"2022-11-29T11:15:20","modified_gmt":"2022-11-29T11:15:20","slug":"corrientes-este-martes-se-presentara-la-canasta-de-fin-de-ano","status":"publish","type":"post","link":"https:\/\/neanoticias.com\/index.php\/2022\/11\/29\/corrientes-este-martes-se-presentara-la-canasta-de-fin-de-ano\/","title":{"rendered":"CORRIENTES: ESTE MARTES SE PRESENTAR\u00c1 LA CANASTA DE FIN DE A\u00d1O"},"content":{"rendered":"\n<p>El anuncio se llevar\u00e1 a cabo durante la ma\u00f1ana en el Ministerio de Hacienda de la provincia de Corrientes.<\/p>\n\n\n\n<figure class=\"wp-block-image size-full\"><img loading=\"lazy\" width=\"700\" height=\"525\" src=\"https:\/\/neanoticias.com\/wp-content\/uploads\/2022\/11\/943564.jpeg_nota.jpeg\" alt=\"\" class=\"wp-image-364\" srcset=\"https:\/\/neanoticias.com\/wp-content\/uploads\/2022\/11\/943564.jpeg_nota.jpeg 700w, https:\/\/neanoticias.com\/wp-content\/uploads\/2022\/11\/943564.jpeg_nota-300x225.jpeg 300w\" sizes=\"(max-width: 700px) 100vw, 700px\" \/><\/figure>\n\n\n\n<p><strong>Este martes 29 de noviembre se llevar\u00e1 a cabo la presentaci\u00f3n de la tradicional canasta de Fin de A\u00f1o y del Cordero Correntino.<\/strong><\/p>\n\n\n\n<p>El evento se llevar\u00e1 a cabo<strong>\u00a0a partir de las 11 de la ma\u00f1ana en el edificio del Ministerio de Hacienda y Finanzas de la provincia de Corrientes<\/strong>. Ser\u00e1 en formato de conferencia de prensa.\u00a0<\/p>\n\n\n\n<p><\/p>\n","protected":false},"excerpt":{"rendered":"<p>El anuncio se llevar\u00e1 a cabo durante la ma\u00f1ana en el Ministerio de Hacienda de&#8230;<\/p>\n","protected":false},"author":1,"featured_media":364,"comment_status":"open","ping_status":"open","sticky":false,"template":"","format":"standard","meta":[],"categories":[1],"tags":[],"_links":{"self":[{"href":"https:\/\/neanoticias.com\/index.php\/wp-json\/wp\/v2\/posts\/363"}],"collection":[{"href":"https:\/\/neanoticias.com\/index.php\/wp-json\/wp\/v2\/posts"}],"about":[{"href":"https:\/\/neanoticias.com\/index.php\/wp-json\/wp\/v2\/types\/post"}],"author":[{"embeddable":true,"href":"https:\/\/neanoticias.com\/index.php\/wp-json\/wp\/v2\/users\/1"}],"replies":[{"embeddable":true,"href":"https:\/\/neanoticias.com\/index.php\/wp-json\/wp\/v2\/comments?post=363"}],"version-history":[{"count":1,"href":"https:\/\/neanoticias.com\/index.php\/wp-json\/wp\/v2\/posts\/363\/revisions"}],"predecessor-version":[{"id":365,"href":"https:\/\/neanoticias.com\/index.php\/wp-json\/wp\/v2\/posts\/363\/revisions\/365"}],"wp:featuredmedia":[{"embeddable":true,"href":"https:\/\/neanoticias.com\/index.php\/wp-json\/wp\/v2\/media\/364"}],"wp:attachment":[{"href":"https:\/\/neanoticias.com\/index.php\/wp-json\/wp\/v2\/media?parent=363"}],"wp:term":[{"taxonomy":"category","embeddable":true,"href":"https:\/\/neanoticias.com\/index.php\/wp-json\/wp\/v2\/categories?post=363"},{"taxonomy":"post_tag","embeddable":true,"href":"https:\/\/neanoticias.com\/index.php\/wp-json\/wp\/v2\/tags?post=363"}],"curies":[{"name":"wp","href":"https:\/\/api.w.org\/{rel}","templated":true}]}}