{"id":352,"date":"2022-11-23T16:56:21","date_gmt":"2022-11-23T16:56:21","guid":{"rendered":"https:\/\/neanoticias.com\/?p=352"},"modified":"2022-11-23T16:56:21","modified_gmt":"2022-11-23T16:56:21","slug":"gobernadores-del-norte-grande-ya-se-encuentran-reunidos-en-corrientes","status":"publish","type":"post","link":"https:\/\/neanoticias.com\/index.php\/2022\/11\/23\/gobernadores-del-norte-grande-ya-se-encuentran-reunidos-en-corrientes\/","title":{"rendered":"GOBERNADORES DEL NORTE GRANDE YA SE ENCUENTRAN REUNIDOS EN CORRIENTES"},"content":{"rendered":"\n<p>El encuentro se da en el marco de la\u00a0 15\u00b0 Asamblea de Gobernadores del Norte Grande. &#8220;Junto a mandatarios del NOA y NEA, el Jefe de Gabinete de la Naci\u00f3n, los ministros del Interior, Desarrollo Territorial y H\u00e1bitat, Obras P\u00fablicas y Desarrollo Social, trabajaremos en una agenda com\u00fan para la regi\u00f3n&#8221;, destac\u00f3 Gustavo Vald\u00e9s.<\/p>\n\n\n\n<p>El temario que se tratar\u00e1 en agenda ser\u00e1: el seguimiento de los temas de transporte, energ\u00eda y Corredor Bioce\u00e1nico; la segmentaci\u00f3n de los subsidios al gas; la exposici\u00f3n &nbsp;de avances de la Agencia de Comercio Exterior e &nbsp; Inversiones del Norte Grande Argentino; el balance Misi\u00f3n del Norte Grande a la Rep\u00fablica \u00c1rabe de Egipto \u2013 Solicitud de creaci\u00f3n de la comisi\u00f3n de Ambiente y Cambio Clim\u00e1tico del Norte Grande; el proyecto Federal para la Industria Audiovisual; el decreto 814; la campa\u00f1a de promoci\u00f3n del Norte Grande en la Costa Atl\u00e1ntica; el an\u00e1lisis de la situaci\u00f3n de troceo en la industria frigor\u00edfica \u2013 Resoluci\u00f3n 10\/2021; ODS: Solicitud de creaci\u00f3n de una comisi\u00f3n para elaborar un plan de acci\u00f3n estrat\u00e9gico de abordaje de los ODS en la regi\u00f3n; la solicitud C\u00e1mara Argentina del Libro; la solicitud Consejo Agroindustrial Argentina; entre otros temas.<\/p>\n\n\n\n<p>&#8220;Es importante que estemos juntos, tomando los temas las provincias del Norte Grande, nos vamos a seguir permitiendo que el pa\u00eds central sea el \u00fanico que crezca. La distribuci\u00f3n de recursos des importante para que podamos crecer&#8221;, remarc\u00f3 Vald\u00e9s previo al comienzo del encuentro.<\/p>\n\n\n\n<figure class=\"wp-block-image size-full\"><img loading=\"lazy\" width=\"762\" height=\"508\" src=\"https:\/\/neanoticias.com\/wp-content\/uploads\/2022\/11\/1263330w762h508c.jpg.webp\" alt=\"\" class=\"wp-image-353\" srcset=\"https:\/\/neanoticias.com\/wp-content\/uploads\/2022\/11\/1263330w762h508c.jpg.webp 762w, https:\/\/neanoticias.com\/wp-content\/uploads\/2022\/11\/1263330w762h508c.jpg-300x200.webp 300w\" sizes=\"(max-width: 762px) 100vw, 762px\" \/><\/figure>\n\n\n\n<p>En la oportunidad se cont\u00f3 con la presencia de los gobernadores de Santiago del Estero, y presidente del Pro Tempore de la Asamblea de Gobernadores del Norte Grande, Gerardo Zamora; de Chaco, Jorge Capitanich; de Catamarca, Ra\u00fal Jalil; de Formosa, Gildo Insfr\u00e1n; de Jujuy, Gerardo Morales; de Salta, Gustavo S\u00e1enz; y de Tucum\u00e1n, Osvaldo Jaldo; de La Rioja, Ricardo Clemente Quintela; y de Misiones, Oscar Herrera Ahuad.<\/p>\n\n\n\n<p>Adem\u00e1s, estuvieron presentes el jefe de Gabinete de ministros, Juan Manzur y los ministros nacionales, de Desarrollo Social, Victoria Tolosa Paz; del Interior, Wado de Pedro; de Desarrollo Territorial y H\u00e1bitat, Santiago Maggiotti y de Obras P\u00fablicas, Gabriel Katopodis.<\/p>\n","protected":false},"excerpt":{"rendered":"<p>El encuentro se da en el marco de la\u00a0 15\u00b0 Asamblea de Gobernadores del Norte&#8230;<\/p>\n","protected":false},"author":1,"featured_media":353,"comment_status":"open","ping_status":"open","sticky":false,"template":"","format":"standard","meta":[],"categories":[1],"tags":[],"_links":{"self":[{"href":"https:\/\/neanoticias.com\/index.php\/wp-json\/wp\/v2\/posts\/352"}],"collection":[{"href":"https:\/\/neanoticias.com\/index.php\/wp-json\/wp\/v2\/posts"}],"about":[{"href":"https:\/\/neanoticias.com\/index.php\/wp-json\/wp\/v2\/types\/post"}],"author":[{"embeddable":true,"href":"https:\/\/neanoticias.com\/index.php\/wp-json\/wp\/v2\/users\/1"}],"replies":[{"embeddable":true,"href":"https:\/\/neanoticias.com\/index.php\/wp-json\/wp\/v2\/comments?post=352"}],"version-history":[{"count":1,"href":"https:\/\/neanoticias.com\/index.php\/wp-json\/wp\/v2\/posts\/352\/revisions"}],"predecessor-version":[{"id":354,"href":"https:\/\/neanoticias.com\/index.php\/wp-json\/wp\/v2\/posts\/352\/revisions\/354"}],"wp:featuredmedia":[{"embeddable":true,"href":"https:\/\/neanoticias.com\/index.php\/wp-json\/wp\/v2\/media\/353"}],"wp:attachment":[{"href":"https:\/\/neanoticias.com\/index.php\/wp-json\/wp\/v2\/media?parent=352"}],"wp:term":[{"taxonomy":"category","embeddable":true,"href":"https:\/\/neanoticias.com\/index.php\/wp-json\/wp\/v2\/categories?post=352"},{"taxonomy":"post_tag","embeddable":true,"href":"https:\/\/neanoticias.com\/index.php\/wp-json\/wp\/v2\/tags?post=352"}],"curies":[{"name":"wp","href":"https:\/\/api.w.org\/{rel}","templated":true}]}}