{"id":349,"date":"2022-11-23T16:54:22","date_gmt":"2022-11-23T16:54:22","guid":{"rendered":"https:\/\/neanoticias.com\/?p=349"},"modified":"2022-11-23T16:54:23","modified_gmt":"2022-11-23T16:54:23","slug":"alberto-fernandez-suspendio-su-viaje-a-corrientes-por-recomendacion-medica","status":"publish","type":"post","link":"https:\/\/neanoticias.com\/index.php\/2022\/11\/23\/alberto-fernandez-suspendio-su-viaje-a-corrientes-por-recomendacion-medica\/","title":{"rendered":"ALBERTO FERN\u00c1NDEZ SUSPENDI\u00d3 SU VIAJE A CORRIENTES POR RECOMENDACI\u00d3N M\u00c9DICA"},"content":{"rendered":"\n<p>Ser\u00e1 el jefe de gabinete Juan Manzur quien presidir\u00e1 la asamblea de los 10 gobernadores que conforman el bloque\u00a0que une a las provincias del Noreste y el Noroeste de la Argentina.<\/p>\n\n\n\n<figure class=\"wp-block-image size-full\"><img loading=\"lazy\" width=\"850\" height=\"567\" src=\"https:\/\/neanoticias.com\/wp-content\/uploads\/2022\/11\/1263335w850h567c.jpg-1.webp\" alt=\"\" class=\"wp-image-350\" srcset=\"https:\/\/neanoticias.com\/wp-content\/uploads\/2022\/11\/1263335w850h567c.jpg-1.webp 850w, https:\/\/neanoticias.com\/wp-content\/uploads\/2022\/11\/1263335w850h567c.jpg-1-300x200.webp 300w, https:\/\/neanoticias.com\/wp-content\/uploads\/2022\/11\/1263335w850h567c.jpg-1-768x512.webp 768w\" sizes=\"(max-width: 850px) 100vw, 850px\" \/><\/figure>\n\n\n\n<p>El presidente Alberto Fern\u00e1ndez finalmente no presidir\u00e1 la 15\u00b0 Asamblea de Gobernadores del Norte Grande Argentino que se realiza en Corrientes por recomendaci\u00f3n m\u00e9dica.<\/p>\n\n\n\n<p>Tras la gastritis erosiva que lo aquej\u00f3 durante la Cumbre del G20, la recomendaci\u00f3n es retomar sus actividades de a poco. Ser\u00e1 el jefe de gabinete Juan Manzur quien presidir\u00e1 la asamblea de los 10 gobernadores que conforman el bloque que une a las provincias del Noreste y el Noroeste de la Argentina. Tambi\u00e9n estar\u00e1n presentes los ministros de Interior, Eduardo &#8220;Wado&#8221; de Pedro, de Obras P\u00fablicas, Gabriel Katopodis; de Desarrollo Social, Victoria Tolosa Paz y de Transporte, Santiago Maggiotti.<\/p>\n\n\n\n<p>Se espera en esta Asamblea la presencia de los gobernadores de Corrientes, Gustavo Vald\u00e9s; de Chaco, Jorge Capitanich; de Catamarca, Ra\u00fal Jalil; de Formosa, Gildo Insfr\u00e1n; de Jujuy, Gerardo Morales; de Salta, Gustavo S\u00e1enz; de Tucum\u00e1n, Osvaldo Jaldo; de Misiones, Oscar Herrera Ahuad; de La Rioja, Ricardo Quintela y de Santiago del Estero, Gerardo Zamora, quien adem\u00e1s es el presidente pro t\u00e9mpore del bloque.<\/p>\n\n\n\n<p>En la Asamblea del Norte Grande, se abordar\u00e1 diversas cuestiones de inter\u00e9s com\u00fan con matriz econ\u00f3mica, como el transporte, la energ\u00eda y las comunicaciones.<\/p>\n\n\n\n<p>&nbsp;<br>La visita del Presidente ya se hab\u00eda publicado en varios medios correntinos y tambi\u00e9n en portales de medios de alcance nacional. Iba a ser su reaparici\u00f3n en su agenda p\u00fablica despu\u00e9s del problema de salud que sufriera en su reciente gira por Par\u00eds, Indonesia y Madrid.<\/p>\n\n\n\n<p>Este martes, cerca del mediod\u00eda, el Presidente hab\u00eda retomado su actividad en la Casa Rosada con reuniones con Manzur, quien las difundi\u00f3 a trav\u00e9s de su cuenta de Twitter, y luego con el ministro de Seguridad, An\u00edbal Fern\u00e1ndez.<\/p>\n","protected":false},"excerpt":{"rendered":"<p>Ser\u00e1 el jefe de gabinete Juan Manzur quien presidir\u00e1 la asamblea de los 10 gobernadores&#8230;<\/p>\n","protected":false},"author":1,"featured_media":350,"comment_status":"open","ping_status":"open","sticky":false,"template":"","format":"standard","meta":[],"categories":[1],"tags":[],"_links":{"self":[{"href":"https:\/\/neanoticias.com\/index.php\/wp-json\/wp\/v2\/posts\/349"}],"collection":[{"href":"https:\/\/neanoticias.com\/index.php\/wp-json\/wp\/v2\/posts"}],"about":[{"href":"https:\/\/neanoticias.com\/index.php\/wp-json\/wp\/v2\/types\/post"}],"author":[{"embeddable":true,"href":"https:\/\/neanoticias.com\/index.php\/wp-json\/wp\/v2\/users\/1"}],"replies":[{"embeddable":true,"href":"https:\/\/neanoticias.com\/index.php\/wp-json\/wp\/v2\/comments?post=349"}],"version-history":[{"count":1,"href":"https:\/\/neanoticias.com\/index.php\/wp-json\/wp\/v2\/posts\/349\/revisions"}],"predecessor-version":[{"id":351,"href":"https:\/\/neanoticias.com\/index.php\/wp-json\/wp\/v2\/posts\/349\/revisions\/351"}],"wp:featuredmedia":[{"embeddable":true,"href":"https:\/\/neanoticias.com\/index.php\/wp-json\/wp\/v2\/media\/350"}],"wp:attachment":[{"href":"https:\/\/neanoticias.com\/index.php\/wp-json\/wp\/v2\/media?parent=349"}],"wp:term":[{"taxonomy":"category","embeddable":true,"href":"https:\/\/neanoticias.com\/index.php\/wp-json\/wp\/v2\/categories?post=349"},{"taxonomy":"post_tag","embeddable":true,"href":"https:\/\/neanoticias.com\/index.php\/wp-json\/wp\/v2\/tags?post=349"}],"curies":[{"name":"wp","href":"https:\/\/api.w.org\/{rel}","templated":true}]}}