{"id":346,"date":"2022-11-23T16:52:13","date_gmt":"2022-11-23T16:52:13","guid":{"rendered":"https:\/\/neanoticias.com\/?p=346"},"modified":"2022-11-23T16:52:14","modified_gmt":"2022-11-23T16:52:14","slug":"ordenan-que-ioscor-cumpla-con-el-tratamiento-para-una-menor-con-discapacidad","status":"publish","type":"post","link":"https:\/\/neanoticias.com\/index.php\/2022\/11\/23\/ordenan-que-ioscor-cumpla-con-el-tratamiento-para-una-menor-con-discapacidad\/","title":{"rendered":"ORDENAN QUE IOSCOR CUMPLA CON EL TRATAMIENTO PARA UNA MENOR CON DISCAPACIDAD"},"content":{"rendered":"\n<p>El Juzgado en lo Contencioso Administrativo N\u00b0 2 orden\u00f3 a la obra social la cobertura de la 2\u00b0 etapa de un tratamiento de estimulaci\u00f3n magn\u00e9tica trascraneana para una nena con par\u00e1lisis cerebral\u00a0infantil.\u00a0Exist\u00edan indicaciones m\u00e9dicas basadas en numerosos estudios y en los\u00a0buenos resultados obtenidos\u00a0con la primer etapa del tratamiento cuya cobertura hab\u00eda sido dispuesta por una medida cautelar anterior, previa audiencia con la obra social.<\/p>\n\n\n\n<figure class=\"wp-block-image size-full\"><img loading=\"lazy\" width=\"850\" height=\"604\" src=\"https:\/\/neanoticias.com\/wp-content\/uploads\/2022\/11\/1238810w850h604c.jpg.webp\" alt=\"\" class=\"wp-image-347\" srcset=\"https:\/\/neanoticias.com\/wp-content\/uploads\/2022\/11\/1238810w850h604c.jpg.webp 850w, https:\/\/neanoticias.com\/wp-content\/uploads\/2022\/11\/1238810w850h604c.jpg-300x213.webp 300w, https:\/\/neanoticias.com\/wp-content\/uploads\/2022\/11\/1238810w850h604c.jpg-768x546.webp 768w\" sizes=\"(max-width: 850px) 100vw, 850px\" \/><\/figure>\n\n\n\n<p>La doctora Mar\u00eda Bel\u00e9n G\u00fcemes, a cargo del Juzgado en lo Contencioso Administrativo N\u00b0 2, hizo lugar al pedido de ampliaci\u00f3n de una medida cautelar y dispuso que el IOSCor d\u00e9 cobertura a ni\u00f1a, como hija menor de edad y a cargo de una afiliada y que presenta un complejo cuadro.<\/p>\n\n\n\n<p>La ni\u00f1a padece &#8220;par\u00e1lisis cerebral infantil o trastorno motor de origen central con hipoton\u00eda de base, hiperreflexia y hemiparesia braquio-crural izquierda. Retraso del habla y del lenguaje. Torpeza motriz gruesa y fina. Anartria. Estrabismo divergente operada bilateralmente a los 3 a\u00f1os. Hiperacusia. Anoxia perinatal, cianosis por hipotermia e hipoglucemia.<\/p>\n\n\n\n<p>El diagn\u00f3stico m\u00e9dico se\u00f1ala adem\u00e1s una disfunci\u00f3n cerebral marcada y trastorno de d\u00e9ficit de atenci\u00f3n con hiperactividad. Los profesionales tambi\u00e9n destacan en ella una buena interacci\u00f3n social y empat\u00eda.<\/p>\n\n\n\n<p>El abordaje terape\u00fatico indicado por el profesional m\u00e9dico es &#8220;imprescindible&#8221; para mejorar los s\u00edntomas nucleares del trastorno motor y del aprendizaje. Y de acuerdo a las indicaciones m\u00e9dicas es &#8220;urgente&#8221; porque el efecto depende del momento evolutivo de la \u00f1i\u00f1a en que se realice, as\u00ed los m\u00e9dicos destacaron que cuanto antes se realice, mejores resultados se pueden obtener. Y explicaron que es &nbsp;&#8220;(\u2026) fundamental para continuar con la intervenci\u00f3n propuesta para consolidar, mantener y desarrollar logros motores, en el habla, la conducta y cognici\u00f3n&#8221;.<\/p>\n\n\n\n<p>El tratamiento apunta a lograr la mayor autonom\u00eda posible para la vida adulta pese a su diagn\u00f3stico y recuperar la mayor cantidad posible del cerebro afectado en base a la par\u00e1lisis cerebral.<\/p>\n\n\n\n<p>Los m\u00e9dicos tratantes -pediatra, neur\u00f3logo- destacaron que luego de realizada la primera etapa del protocolo indicado la ni\u00f1a logr\u00f3 grandes avances, que pueden corroborarse con los informes y estudios aportados y tambi\u00e9n a nivel acad\u00e9mico tuvo grandes progresos. Y acompa\u00f1aron informes que indicaban, luego de la primer etapa del tratamiento, un aumento de conectividad intra e interhemisf\u00e9rica y un aumento del cociente intelectual de 65 a 74 puntos, &#8220;as\u00ed como una mejora de los sistemas atencionales, la memoria fonol\u00f3gica y el vocabulario activo&#8221;.<\/p>\n\n\n\n<p>Sin embargo, la madre no obtuvo respuesta de la obra social al poner en conocimiento la prescripci\u00f3n de la segunda etapa y solicitar su cobertura.<\/p>\n\n\n\n<p>La Asesora de Menores e Incapaces N\u00b0 2 que interviene en la causa, Dra. Mirtha Gladys Ram\u00edrez Barrios, solicit\u00f3 que se haga lugar a la ampliaci\u00f3n de la medida cautelar y la cobertura solicitada, &#8220;privilegiando y preservando de este modo el derecho a la salud de la \u00f1i\u00f1a&#8221;.<\/p>\n\n\n\n<p>En la resoluci\u00f3n, la doctora G\u00fcemes otorg\u00f3 10 d\u00edas h\u00e1biles para efectivizar la cobertura del tratamiento en el centro LAFUN en Buenos Aires.&nbsp;<\/p>\n\n\n\n<p>La decisi\u00f3n fue apelada por la obra social, por lo que el juzgado remiti\u00f3 en forma urgente el expediente a la C\u00e1mara de Apelaciones en lo Contencioso Administrativo para su revisi\u00f3n.<\/p>\n","protected":false},"excerpt":{"rendered":"<p>El Juzgado en lo Contencioso Administrativo N\u00b0 2 orden\u00f3 a la obra social la cobertura&#8230;<\/p>\n","protected":false},"author":1,"featured_media":347,"comment_status":"open","ping_status":"open","sticky":false,"template":"","format":"standard","meta":[],"categories":[1],"tags":[],"_links":{"self":[{"href":"https:\/\/neanoticias.com\/index.php\/wp-json\/wp\/v2\/posts\/346"}],"collection":[{"href":"https:\/\/neanoticias.com\/index.php\/wp-json\/wp\/v2\/posts"}],"about":[{"href":"https:\/\/neanoticias.com\/index.php\/wp-json\/wp\/v2\/types\/post"}],"author":[{"embeddable":true,"href":"https:\/\/neanoticias.com\/index.php\/wp-json\/wp\/v2\/users\/1"}],"replies":[{"embeddable":true,"href":"https:\/\/neanoticias.com\/index.php\/wp-json\/wp\/v2\/comments?post=346"}],"version-history":[{"count":1,"href":"https:\/\/neanoticias.com\/index.php\/wp-json\/wp\/v2\/posts\/346\/revisions"}],"predecessor-version":[{"id":348,"href":"https:\/\/neanoticias.com\/index.php\/wp-json\/wp\/v2\/posts\/346\/revisions\/348"}],"wp:featuredmedia":[{"embeddable":true,"href":"https:\/\/neanoticias.com\/index.php\/wp-json\/wp\/v2\/media\/347"}],"wp:attachment":[{"href":"https:\/\/neanoticias.com\/index.php\/wp-json\/wp\/v2\/media?parent=346"}],"wp:term":[{"taxonomy":"category","embeddable":true,"href":"https:\/\/neanoticias.com\/index.php\/wp-json\/wp\/v2\/categories?post=346"},{"taxonomy":"post_tag","embeddable":true,"href":"https:\/\/neanoticias.com\/index.php\/wp-json\/wp\/v2\/tags?post=346"}],"curies":[{"name":"wp","href":"https:\/\/api.w.org\/{rel}","templated":true}]}}