{"id":343,"date":"2022-11-16T15:52:20","date_gmt":"2022-11-16T15:52:20","guid":{"rendered":"https:\/\/neanoticias.com\/?p=343"},"modified":"2022-11-16T15:52:20","modified_gmt":"2022-11-16T15:52:20","slug":"malloneros-hicieron-un-piquete-sobre-el-rio-parana-que-reclaman","status":"publish","type":"post","link":"https:\/\/neanoticias.com\/index.php\/2022\/11\/16\/malloneros-hicieron-un-piquete-sobre-el-rio-parana-que-reclaman\/","title":{"rendered":"MALLONEROS HICIERON UN PIQUETE SOBRE EL R\u00cdO PARAN\u00c1: QU\u00c9 RECLAMAN"},"content":{"rendered":"\n<p>Pescadores correntinos denuncian que no le permiten pescar en las aguas del Paran\u00e1 del lado chaque\u00f1o y lo mismo suceder\u00eda con los malloneros de la provincia vecina cuando quieren hacerlo en Capital. Agust\u00edn Portela, Dir. de Recursos Naturales, aclar\u00f3 que se necesitan habilitaciones de cada ciudad para podes pescar.\u00a0<\/p>\n\n\n\n<figure class=\"wp-block-image size-full\"><img loading=\"lazy\" width=\"850\" height=\"478\" src=\"https:\/\/neanoticias.com\/wp-content\/uploads\/2022\/11\/37016w850h478c.jpg.webp\" alt=\"\" class=\"wp-image-344\" srcset=\"https:\/\/neanoticias.com\/wp-content\/uploads\/2022\/11\/37016w850h478c.jpg.webp 850w, https:\/\/neanoticias.com\/wp-content\/uploads\/2022\/11\/37016w850h478c.jpg-300x169.webp 300w, https:\/\/neanoticias.com\/wp-content\/uploads\/2022\/11\/37016w850h478c.jpg-768x432.webp 768w\" sizes=\"(max-width: 850px) 100vw, 850px\" \/><\/figure>\n\n\n\n<p>Malloneros de Corrientes &nbsp;y Chaco amenzan con cortar el cruce del r\u00edo Paran\u00e1. Pescadores correntinos denuncian que no le permiten pescar en las aguas del Paran\u00e1 del lado chaque\u00f1o y lo mismo suceder\u00eda con los malloneros de la provincia vecina cuando quieren hacerlo en Capital.<\/p>\n\n\n\n<p>&#8220;Somos discriminados y &nbsp;estamos siendo perseguidos porque somos correntinos &nbsp;y chaque\u00f1os. El director no sabe las consecuencias y hay &nbsp;3 mil familias perjudicadas. Nos cansamos de ser perseguido por gente de la Prefectura y dicen que el carnet correntino &#8216;no dice en Chaco y viceversa'&#8221;, se\u00f1al\u00f3 uno de los malloneros.&nbsp;<\/p>\n\n\n\n<p>Al respecto, el director de Recursos Naturales, Agust\u00edn Portella, dijo a LT7 que se trata de un conflicto entre distintas asociaciones de pescadores y que &#8220;el problema no son las habilitaciones. Ellos quieren pescar en cualquier parte pero el conflicto pasa por no ponerse de acuerdo entre ellos&#8221;. \u00a0Portella aclar\u00f3 adem\u00e1s que cada provincia solicita una licencia para poder pescar.<\/p>\n\n\n\n<p><\/p>\n","protected":false},"excerpt":{"rendered":"<p>Pescadores correntinos denuncian que no le permiten pescar en las aguas del Paran\u00e1 del lado&#8230;<\/p>\n","protected":false},"author":1,"featured_media":344,"comment_status":"open","ping_status":"open","sticky":false,"template":"","format":"standard","meta":[],"categories":[1],"tags":[],"_links":{"self":[{"href":"https:\/\/neanoticias.com\/index.php\/wp-json\/wp\/v2\/posts\/343"}],"collection":[{"href":"https:\/\/neanoticias.com\/index.php\/wp-json\/wp\/v2\/posts"}],"about":[{"href":"https:\/\/neanoticias.com\/index.php\/wp-json\/wp\/v2\/types\/post"}],"author":[{"embeddable":true,"href":"https:\/\/neanoticias.com\/index.php\/wp-json\/wp\/v2\/users\/1"}],"replies":[{"embeddable":true,"href":"https:\/\/neanoticias.com\/index.php\/wp-json\/wp\/v2\/comments?post=343"}],"version-history":[{"count":1,"href":"https:\/\/neanoticias.com\/index.php\/wp-json\/wp\/v2\/posts\/343\/revisions"}],"predecessor-version":[{"id":345,"href":"https:\/\/neanoticias.com\/index.php\/wp-json\/wp\/v2\/posts\/343\/revisions\/345"}],"wp:featuredmedia":[{"embeddable":true,"href":"https:\/\/neanoticias.com\/index.php\/wp-json\/wp\/v2\/media\/344"}],"wp:attachment":[{"href":"https:\/\/neanoticias.com\/index.php\/wp-json\/wp\/v2\/media?parent=343"}],"wp:term":[{"taxonomy":"category","embeddable":true,"href":"https:\/\/neanoticias.com\/index.php\/wp-json\/wp\/v2\/categories?post=343"},{"taxonomy":"post_tag","embeddable":true,"href":"https:\/\/neanoticias.com\/index.php\/wp-json\/wp\/v2\/tags?post=343"}],"curies":[{"name":"wp","href":"https:\/\/api.w.org\/{rel}","templated":true}]}}