{"id":340,"date":"2022-11-16T15:51:06","date_gmt":"2022-11-16T15:51:06","guid":{"rendered":"https:\/\/neanoticias.com\/?p=340"},"modified":"2022-11-16T15:51:07","modified_gmt":"2022-11-16T15:51:07","slug":"en-egipto-tassano-destaco-al-plan-hidrico-para-mitigar-el-cambio-climatico","status":"publish","type":"post","link":"https:\/\/neanoticias.com\/index.php\/2022\/11\/16\/en-egipto-tassano-destaco-al-plan-hidrico-para-mitigar-el-cambio-climatico\/","title":{"rendered":"EN EGIPTO, TASSANO DESTAC\u00d3 AL PLAN H\u00cdDRICO PARA MITIGAR EL CAMBIO CLIM\u00c1TICO"},"content":{"rendered":"\n<p>En la cumbre clim\u00e1tica mundial, el intendente correntino brind\u00f3 detalles del programa instrumentado en la ciudad para evitar inundaciones ante las intensas lluvias con caracter\u00edsticas generadas por el calentamiento global. Lo hizo como parte del panel sobre la &#8220;Transici\u00f3n hacia modelos de gesti\u00f3n p\u00fablica municipal m\u00e1s sostenibles&#8221;, que comparti\u00f3 con autoridades de municipios de Santa Fe. &#8220;La aceleraci\u00f3n del cambio clim\u00e1tico nos interpela a todos los responsables de las ciudades a lo largo y ancho del planeta&#8221;, reflexion\u00f3.<\/p>\n\n\n\n<figure class=\"wp-block-image size-full\"><img loading=\"lazy\" width=\"850\" height=\"519\" src=\"https:\/\/neanoticias.com\/wp-content\/uploads\/2022\/11\/37007w850h519c.jpg.webp\" alt=\"\" class=\"wp-image-341\" srcset=\"https:\/\/neanoticias.com\/wp-content\/uploads\/2022\/11\/37007w850h519c.jpg.webp 850w, https:\/\/neanoticias.com\/wp-content\/uploads\/2022\/11\/37007w850h519c.jpg-300x183.webp 300w, https:\/\/neanoticias.com\/wp-content\/uploads\/2022\/11\/37007w850h519c.jpg-768x469.webp 768w\" sizes=\"(max-width: 850px) 100vw, 850px\" \/><\/figure>\n\n\n\n<p>El intendente Eduardo Tassano disert\u00f3 en la Conferencia de las Naciones Unidas sobre el cambio clim\u00e1tico, importante encuentro que se lleva a cabo en Sharm el Sheikh, en Egipto, que cuenta con la participaci\u00f3n de representantes de m\u00e1s de 190 pa\u00edses. En la ocasi\u00f3n, brind\u00f3 detalles del Plan H\u00eddrico como acci\u00f3n local exitosa para mitigar el impacto del cambio clim\u00e1tico, espec\u00edficamente como una obra de adaptaci\u00f3n clave al contexto ambiental actual, desarrollada desde cero en la ciudad de Corrientes.<\/p>\n\n\n\n<p>Lo hizo en el marco de la Conferencia de las Partes (COP 27), tal como se conoce a este encuentro de representantes de numerosos pa\u00edses en materia ambiental, que concluir\u00e1 este viernes.<\/p>\n\n\n\n<p>Tassano integr\u00f3 el panel sobre la &#8220;Transici\u00f3n hacia modelos de gesti\u00f3n p\u00fablica municipal m\u00e1s sostenibles&#8221;, junto con autoridades de municipios de Rafaela, Reconquista y Vera (todos de la provincia de Santa Fe), como miembros de la Red Argentina de Municipios frente al Cambio Clim\u00e1tico (RAMCC).<\/p>\n\n\n\n<p>En ese contexto, los gobiernos locales argentinos expusieron pr\u00e1cticas concretas que realizaron con \u00e9xito sobre diferentes tem\u00e1ticas de cambio clim\u00e1tico, como gesti\u00f3n de residuos, del agua, de la energ\u00eda y de los espacios verdes.<\/p>\n\n\n\n<p>Para el caso de la ciudad de Corrientes, Tassano brind\u00f3 detalles del Plan H\u00eddrico que desarrolla desde el inicio de su primera gesti\u00f3n al frente de la Municipalidad y que fue sumando etapas en la misi\u00f3n de optimizar un sistema de drenaje que soporte el impacto de las intensas lluvias con caracter\u00edsticas generadas por el calentamiento global.<\/p>\n\n\n\n<p>El programa se aplic\u00f3 para evitar las inundaciones en la ciudad ante las fuertes precipitaciones que derivan en la cuesti\u00f3n del cambio clim\u00e1tico, dado que a\u00f1o tras a\u00f1o llueve m\u00e1s (en un lapso muy corto) y con tormentas m\u00e1s agresivas: &#8220;Las consecuencias del cambio clim\u00e1tico se presentan en per\u00edodos de sequ\u00eda y otros de inundaciones, por lo cual en el mundo las ciudades realizan lo que se llaman obras de adaptaci\u00f3n al cambio clim\u00e1tico&#8221;, manifest\u00f3 el intendente respecto de su ponencia.<\/p>\n\n\n\n<p>&#8220;El Plan H\u00eddrico es una obra de adaptaci\u00f3n al cambio clim\u00e1tico, que lo empezamos desde cero y lo fuimos desarrollando en varias fases en ciudad y esa es la experiencia local que venimos a contar en esta cumbre mundial&#8221;, explic\u00f3 en esa l\u00ednea.<\/p>\n\n\n\n<h2>DETALLES DEL PLAN<\/h2>\n\n\n\n<p>En su disertaci\u00f3n, Tassano plante\u00f3 los relevamientos previos al dise\u00f1o del Plan H\u00eddrico, como tambi\u00e9n sus ejes principales: el mantenimiento y la recuperaci\u00f3n de la red pluvial existente (desobstrucci\u00f3n de ductos y canales), las obras de adaptaci\u00f3n de pluviales, las obras nuevas de desag\u00fce pluvial y el impacto hidrol\u00f3gico cero.<\/p>\n\n\n\n<p>En este sentido, record\u00f3 que se dispuso la limpieza y desobstrucci\u00f3n de ductos pluviales y de canales a cielo abierto. Asimismo, se construyeron nuevos sumideros y se trabaj\u00f3 con intervenciones especiales en ductos centrales del sistema de desag\u00fce de la ciudad ubicados en sectores clave para el drenaje y la descarga en el r\u00edo Paran\u00e1.<\/p>\n\n\n\n<p>Tambi\u00e9n mencion\u00f3 las nuevas obras de desag\u00fce pluvial y el entubamiento en diversos barrios de la ciudad, canales nuevos que posibilitan la descarga de lagunas, zonas bajas y \u00e1reas de expansi\u00f3n urbana. Id\u00e9nticas labores se efectuaron en cuanto a instalaciones de cord\u00f3n cuneta y pavimento que conducen caudales superficiales.<\/p>\n\n\n\n<p>De igual manera, se destac\u00f3 el sistema moderno de monitoreo que se aplica en la materia.<\/p>\n\n\n\n<h2>POL\u00cdTICA DE ESTADO<\/h2>\n\n\n\n<p>En el marco general de la cumbre mundial sobre cambio clim\u00e1tico, el intendente correntino tambi\u00e9n se refiri\u00f3 a la manera en que estos temas, apuntados y llevados adelante por su gesti\u00f3n al frente de la Municipalidad de Corrientes, se relacionan con el contexto global. Al respecto, indic\u00f3 que &#8220;la ciudad sustentable es uno de los ejes de la gesti\u00f3n municipal, desde el inicio del primer mandato&#8221;, sobre lo cual record\u00f3 que &#8220;era un tema del que no se hablaba en Corrientes&#8221;.<\/p>\n\n\n\n<p>&#8220;Desde el comienzo de nuestra primera gesti\u00f3n al frente del municipio promovimos y persuadimos a los ciudadanos a aceptar el cambio clim\u00e1tico y tomamos la cuesti\u00f3n medioambiental como una pol\u00edtica de Estado&#8221;, enfatiz\u00f3 acerca de ello.<\/p>\n\n\n\n<p>Al referirse a las experiencias que la gesti\u00f3n tiene para mostrarle al mundo en ese sentido, Tassano sostuvo que &#8220;con convicci\u00f3n y responsabilidad se pueden hacer cambios&#8221; y, luego, adem\u00e1s de la labor efectuada en torno al Plan H\u00eddrico, record\u00f3 otros temas como la reforestaci\u00f3n, la iluminaci\u00f3n led, la gesti\u00f3n de residuos y las energ\u00edas renovables.<\/p>\n\n\n\n<p>En esa sinton\u00eda, ratific\u00f3 &#8220;el compromiso firme de trabajar con una orientaci\u00f3n hacia la econom\u00eda circular y como uno de los ejes del futuro desarrollo de la ciudad&#8221;.<\/p>\n\n\n\n<h2>TRASCENDENCIA MUNDIAL<\/h2>\n\n\n\n<p>En ese contexto, Tassano tambi\u00e9n hizo un primer balance de su participaci\u00f3n en el COP27 en Sharm el Sheikh, Egipto, particularmente sobre la experiencia recabada en el encuentro internacional. &#8220;Es un evento de trascendencia mundial porque el mundo debe comprender los peligros a los que nos exponemos, los que ya vivimos y los que vendr\u00e1n en el corto plazo&#8221;, advirti\u00f3.<\/p>\n\n\n\n<p>Asimismo, reflexion\u00f3: &#8220;La aceleraci\u00f3n del cambio clim\u00e1tico nos interpela a todos los responsables de las ciudades a lo largo y ancho del planeta, porque es en las ciudades que se genera el 70 por ciento de los gases de efecto invernadero&#8221;.<\/p>\n\n\n\n<p>A modo reflexivo, el intendente interpret\u00f3 que &#8220;debemos generar conciencia, pol\u00edticas de corto mediano y largo plazo que nos posicionen en el futuro mejor en la lucha contra el cambio clim\u00e1tico&#8221;.<\/p>\n\n\n\n<p>Finalmente, Tassano subray\u00f3 que &#8220;en estos encuentros se dise\u00f1an y se discuten pol\u00edticas globales, como tambi\u00e9n se comparten experiencias entre ciudades con diferentes problem\u00e1ticas de todo tama\u00f1o, con presupuestos diversos y, sobre todo, se conocen muchas alternativas creativas e ingeniosas para combatir este flagelo que concierne a toda la humanidad&#8221;.<\/p>\n","protected":false},"excerpt":{"rendered":"<p>En la cumbre clim\u00e1tica mundial, el intendente correntino brind\u00f3 detalles del programa instrumentado en la&#8230;<\/p>\n","protected":false},"author":1,"featured_media":341,"comment_status":"open","ping_status":"open","sticky":false,"template":"","format":"standard","meta":[],"categories":[1],"tags":[],"_links":{"self":[{"href":"https:\/\/neanoticias.com\/index.php\/wp-json\/wp\/v2\/posts\/340"}],"collection":[{"href":"https:\/\/neanoticias.com\/index.php\/wp-json\/wp\/v2\/posts"}],"about":[{"href":"https:\/\/neanoticias.com\/index.php\/wp-json\/wp\/v2\/types\/post"}],"author":[{"embeddable":true,"href":"https:\/\/neanoticias.com\/index.php\/wp-json\/wp\/v2\/users\/1"}],"replies":[{"embeddable":true,"href":"https:\/\/neanoticias.com\/index.php\/wp-json\/wp\/v2\/comments?post=340"}],"version-history":[{"count":1,"href":"https:\/\/neanoticias.com\/index.php\/wp-json\/wp\/v2\/posts\/340\/revisions"}],"predecessor-version":[{"id":342,"href":"https:\/\/neanoticias.com\/index.php\/wp-json\/wp\/v2\/posts\/340\/revisions\/342"}],"wp:featuredmedia":[{"embeddable":true,"href":"https:\/\/neanoticias.com\/index.php\/wp-json\/wp\/v2\/media\/341"}],"wp:attachment":[{"href":"https:\/\/neanoticias.com\/index.php\/wp-json\/wp\/v2\/media?parent=340"}],"wp:term":[{"taxonomy":"category","embeddable":true,"href":"https:\/\/neanoticias.com\/index.php\/wp-json\/wp\/v2\/categories?post=340"},{"taxonomy":"post_tag","embeddable":true,"href":"https:\/\/neanoticias.com\/index.php\/wp-json\/wp\/v2\/tags?post=340"}],"curies":[{"name":"wp","href":"https:\/\/api.w.org\/{rel}","templated":true}]}}