{"id":337,"date":"2022-11-16T15:50:06","date_gmt":"2022-11-16T15:50:06","guid":{"rendered":"https:\/\/neanoticias.com\/?p=337"},"modified":"2022-11-16T15:50:07","modified_gmt":"2022-11-16T15:50:07","slug":"corrientes-una-mujer-intento-quitarse-la-vida-en-la-costanera-y-fue-salvada","status":"publish","type":"post","link":"https:\/\/neanoticias.com\/index.php\/2022\/11\/16\/corrientes-una-mujer-intento-quitarse-la-vida-en-la-costanera-y-fue-salvada\/","title":{"rendered":"CORRIENTES: UNA MUJER INTENT\u00d3 QUITARSE LA VIDA EN LA COSTANERA Y FUE SALVADA"},"content":{"rendered":"\n<p>La Polic\u00eda salv\u00f3 a una mujer que ten\u00eda intenciones de quitarse la vida en la punta San Sebasti\u00e1n de la Costanera.<\/p>\n\n\n\n<figure class=\"wp-block-image size-full\"><img loading=\"lazy\" width=\"850\" height=\"625\" src=\"https:\/\/neanoticias.com\/wp-content\/uploads\/2022\/11\/37020w850h625c.jpg.webp\" alt=\"\" class=\"wp-image-338\" srcset=\"https:\/\/neanoticias.com\/wp-content\/uploads\/2022\/11\/37020w850h625c.jpg.webp 850w, https:\/\/neanoticias.com\/wp-content\/uploads\/2022\/11\/37020w850h625c.jpg-300x221.webp 300w, https:\/\/neanoticias.com\/wp-content\/uploads\/2022\/11\/37020w850h625c.jpg-768x565.webp 768w\" sizes=\"(max-width: 850px) 100vw, 850px\" \/><\/figure>\n\n\n\n<p>Una mujer de unos 49 a\u00f1os fue salvada por la Polic\u00eda cuando ten\u00eda intenciones de quitarse la vida en la punta San Sebasti\u00e1n de la Costanera correntina. El hecho se registr\u00f3 cerca del mediod\u00eda de este martes.<\/p>\n\n\n\n<p>Los efectivos policiales se presentaron en el lugar y entrevistaron a la mujer, quien estaba en situaci\u00f3n de crisis e intent\u00f3 arrojarse a las aguas del r\u00edo Paran\u00e1.<\/p>\n","protected":false},"excerpt":{"rendered":"<p>La Polic\u00eda salv\u00f3 a una mujer que ten\u00eda intenciones de quitarse la vida en la&#8230;<\/p>\n","protected":false},"author":1,"featured_media":338,"comment_status":"open","ping_status":"open","sticky":false,"template":"","format":"standard","meta":[],"categories":[1],"tags":[],"_links":{"self":[{"href":"https:\/\/neanoticias.com\/index.php\/wp-json\/wp\/v2\/posts\/337"}],"collection":[{"href":"https:\/\/neanoticias.com\/index.php\/wp-json\/wp\/v2\/posts"}],"about":[{"href":"https:\/\/neanoticias.com\/index.php\/wp-json\/wp\/v2\/types\/post"}],"author":[{"embeddable":true,"href":"https:\/\/neanoticias.com\/index.php\/wp-json\/wp\/v2\/users\/1"}],"replies":[{"embeddable":true,"href":"https:\/\/neanoticias.com\/index.php\/wp-json\/wp\/v2\/comments?post=337"}],"version-history":[{"count":1,"href":"https:\/\/neanoticias.com\/index.php\/wp-json\/wp\/v2\/posts\/337\/revisions"}],"predecessor-version":[{"id":339,"href":"https:\/\/neanoticias.com\/index.php\/wp-json\/wp\/v2\/posts\/337\/revisions\/339"}],"wp:featuredmedia":[{"embeddable":true,"href":"https:\/\/neanoticias.com\/index.php\/wp-json\/wp\/v2\/media\/338"}],"wp:attachment":[{"href":"https:\/\/neanoticias.com\/index.php\/wp-json\/wp\/v2\/media?parent=337"}],"wp:term":[{"taxonomy":"category","embeddable":true,"href":"https:\/\/neanoticias.com\/index.php\/wp-json\/wp\/v2\/categories?post=337"},{"taxonomy":"post_tag","embeddable":true,"href":"https:\/\/neanoticias.com\/index.php\/wp-json\/wp\/v2\/tags?post=337"}],"curies":[{"name":"wp","href":"https:\/\/api.w.org\/{rel}","templated":true}]}}