{"id":334,"date":"2022-11-16T15:48:51","date_gmt":"2022-11-16T15:48:51","guid":{"rendered":"https:\/\/neanoticias.com\/?p=334"},"modified":"2022-11-16T15:48:52","modified_gmt":"2022-11-16T15:48:52","slug":"una-joven-fue-atacada-a-cuchillazos-por-su-expareja","status":"publish","type":"post","link":"https:\/\/neanoticias.com\/index.php\/2022\/11\/16\/una-joven-fue-atacada-a-cuchillazos-por-su-expareja\/","title":{"rendered":"UNA JOVEN FUE ATACADA A CUCHILLAZOS POR SU EXPAREJA"},"content":{"rendered":"\n<p>La mujer tuvo que ser internada tras la agresi\u00f3n. El hecho ocurri\u00f3 en el barrio Mil Viviendas.\u00a0<\/p>\n\n\n\n<figure class=\"wp-block-image size-full\"><img loading=\"lazy\" width=\"850\" height=\"525\" src=\"https:\/\/neanoticias.com\/wp-content\/uploads\/2022\/11\/1255801w850h525c.jpg.webp\" alt=\"\" class=\"wp-image-335\" srcset=\"https:\/\/neanoticias.com\/wp-content\/uploads\/2022\/11\/1255801w850h525c.jpg.webp 850w, https:\/\/neanoticias.com\/wp-content\/uploads\/2022\/11\/1255801w850h525c.jpg-300x185.webp 300w, https:\/\/neanoticias.com\/wp-content\/uploads\/2022\/11\/1255801w850h525c.jpg-768x474.webp 768w\" sizes=\"(max-width: 850px) 100vw, 850px\" \/><\/figure>\n\n\n\n<p>Un grave hecho de violencia de g\u00e9nero se registr\u00f3 en el capitalino barrio Mil Viviendas, en donde una joven de 26 a\u00f1os fue atacada con un cuchillo por parte su expareja y padre de su hija.<\/p>\n\n\n\n<p>Seg\u00fan trascendi\u00f3, la v\u00edctima, que se llama Mar\u00eda B., sufri\u00f3 cortes en la zona del cuello. Como consecuencia debi\u00f3 ser trasladada de urgencia al hospital Escuela. Su vida no correr\u00eda peligro.<\/p>\n\n\n\n<p>&#8220;El pap\u00e1 de la nena la hinc\u00f3 en el cuello. La quiso matar. El ataque fue en la escalera&#8221;, relat\u00f3 el padre de la joven atacada sobre el lamentable hecho. El hombre tambi\u00e9n cont\u00f3 que el responsable del ataque ten\u00eda una orden de restricci\u00f3n perimetral que prohib\u00eda que se acerque a su expareja.&nbsp;<\/p>\n\n\n\n<p>El intento de femicidio ocurri\u00f3 este mi\u00e9rcoles cerca de las 9 de la ma\u00f1ana. Por el momento se desconoce si el agresor, que se llama Kevin Zamudio, fue detenido.<\/p>\n","protected":false},"excerpt":{"rendered":"<p>La mujer tuvo que ser internada tras la agresi\u00f3n. El hecho ocurri\u00f3 en el barrio&#8230;<\/p>\n","protected":false},"author":1,"featured_media":335,"comment_status":"open","ping_status":"open","sticky":false,"template":"","format":"standard","meta":[],"categories":[1],"tags":[],"_links":{"self":[{"href":"https:\/\/neanoticias.com\/index.php\/wp-json\/wp\/v2\/posts\/334"}],"collection":[{"href":"https:\/\/neanoticias.com\/index.php\/wp-json\/wp\/v2\/posts"}],"about":[{"href":"https:\/\/neanoticias.com\/index.php\/wp-json\/wp\/v2\/types\/post"}],"author":[{"embeddable":true,"href":"https:\/\/neanoticias.com\/index.php\/wp-json\/wp\/v2\/users\/1"}],"replies":[{"embeddable":true,"href":"https:\/\/neanoticias.com\/index.php\/wp-json\/wp\/v2\/comments?post=334"}],"version-history":[{"count":1,"href":"https:\/\/neanoticias.com\/index.php\/wp-json\/wp\/v2\/posts\/334\/revisions"}],"predecessor-version":[{"id":336,"href":"https:\/\/neanoticias.com\/index.php\/wp-json\/wp\/v2\/posts\/334\/revisions\/336"}],"wp:featuredmedia":[{"embeddable":true,"href":"https:\/\/neanoticias.com\/index.php\/wp-json\/wp\/v2\/media\/335"}],"wp:attachment":[{"href":"https:\/\/neanoticias.com\/index.php\/wp-json\/wp\/v2\/media?parent=334"}],"wp:term":[{"taxonomy":"category","embeddable":true,"href":"https:\/\/neanoticias.com\/index.php\/wp-json\/wp\/v2\/categories?post=334"},{"taxonomy":"post_tag","embeddable":true,"href":"https:\/\/neanoticias.com\/index.php\/wp-json\/wp\/v2\/tags?post=334"}],"curies":[{"name":"wp","href":"https:\/\/api.w.org\/{rel}","templated":true}]}}