{"id":328,"date":"2022-11-16T15:45:40","date_gmt":"2022-11-16T15:45:40","guid":{"rendered":"https:\/\/neanoticias.com\/?p=328"},"modified":"2022-11-16T15:47:16","modified_gmt":"2022-11-16T15:47:16","slug":"scaloni-ante-emiratos-arabes-no-tomaremos-ningun-riesgo-no-vale-la-pena","status":"publish","type":"post","link":"https:\/\/neanoticias.com\/index.php\/2022\/11\/16\/scaloni-ante-emiratos-arabes-no-tomaremos-ningun-riesgo-no-vale-la-pena\/","title":{"rendered":"SCALONI: &#8220;ANTE EMIRATOS \u00c1RABES NO TOMAREMOS NING\u00daN RIESGO, NO VALE LA PENA&#8221;"},"content":{"rendered":"\n<p>El entrenador del seleccionado argentino destac\u00f3: &#8220;Hasta anoche no ten\u00edamos el plantel completo. Ahora en el entrenamiento vamos a decidir qui\u00e9n juega ma\u00f1ana. Debe ser un equipo de garant\u00edas f\u00edsicas&#8221;.\u00a0<\/p>\n\n\n\n<figure class=\"wp-block-image size-full\"><img loading=\"lazy\" width=\"762\" height=\"523\" src=\"https:\/\/neanoticias.com\/wp-content\/uploads\/2022\/11\/1261870w762h523c.jpg-1.webp\" alt=\"\" class=\"wp-image-331\" srcset=\"https:\/\/neanoticias.com\/wp-content\/uploads\/2022\/11\/1261870w762h523c.jpg-1.webp 762w, https:\/\/neanoticias.com\/wp-content\/uploads\/2022\/11\/1261870w762h523c.jpg-1-300x206.webp 300w\" sizes=\"(max-width: 762px) 100vw, 762px\" \/><\/figure>\n\n\n\n<p>El entrenador del seleccionado argentino, Lionel Scaloni, explic\u00f3 que &#8220;no tomar\u00e1 ning\u00fan riesgo&#8221;, ya que &#8220;no vale la pena&#8221;, de cara al amistoso del mi\u00e9rcoles ante Emiratos \u00c1rabes Unidos, en el \u00faltimo amistoso antes del debut del martes 22 contra Arabia Saudita por el grupo C del Mundial de Qatar.<\/p>\n\n\n\n<p>&#8220;Hasta anoche no ten\u00edamos el plantel completo. Ahora en el entrenamiento vamos a decidir qui\u00e9n juega ma\u00f1ana. Debe ser un equipo de garant\u00edas f\u00edsicas, no tomaremos ning\u00fan riesgo, no vale la pena&#8221;, detall\u00f3 el DT albiceleste en conferencia de prensa.&nbsp;<\/p>\n\n\n\n<p>Con respecto al presente del capit\u00e1n del seleccionado, Scaloni destac\u00f3: &#8220;A Messi lo veo como siempre, con ganas de disfrutar el Mundial. En cuanto a los elogios hacia m\u00ed, creo que lo dice m\u00e1s por la buena relaci\u00f3n que tengo que por la realidad de lo que soy como entrenador&#8221;.<\/p>\n\n\n\n<p>&#8220;La lista la conformamos pensando en lo mejor del equipo como siempre, y era l\u00f3gico que en una Selecci\u00f3n como Argentina se queden afuera buenos jugadores. Llevamos nueve defensores por algunas situaciones f\u00edsicas que pueden llegar a afectarnos durante el Mundial&#8221;, subray\u00f3 el entrenador sobre la lista de 26 jugadores que disputar\u00e1 el Mundial.&nbsp;<\/p>\n\n\n\n<p>Adem\u00e1s, el DT santafesino desminti\u00f3 la versi\u00f3n de que pidi\u00f3 hacer m\u00e1s de los cinco cambios oficiales que permite la FIFA.<\/p>\n\n\n\n<p>&#8220;Ser\u00e1 la primera vez que saquemos un equipo pensando en el futuro y en el plano f\u00edsico&#8221;, remarc\u00f3 el rosarino que utilizar\u00e1 el entrenamiento de este martes para probar a los jugadores que arrastran molestias.<\/p>\n\n\n\n<p>El partido contra Emiratos \u00c1rabes se disputar\u00e1 este mi\u00e9rcoles desde las 12.30 en el estadio Mohammed Bin Zayed.<\/p>\n\n\n\n<p><\/p>\n","protected":false},"excerpt":{"rendered":"<p>El entrenador del seleccionado argentino destac\u00f3: &#8220;Hasta anoche no ten\u00edamos el plantel completo. Ahora en&#8230;<\/p>\n","protected":false},"author":1,"featured_media":329,"comment_status":"open","ping_status":"open","sticky":false,"template":"","format":"standard","meta":[],"categories":[1],"tags":[],"_links":{"self":[{"href":"https:\/\/neanoticias.com\/index.php\/wp-json\/wp\/v2\/posts\/328"}],"collection":[{"href":"https:\/\/neanoticias.com\/index.php\/wp-json\/wp\/v2\/posts"}],"about":[{"href":"https:\/\/neanoticias.com\/index.php\/wp-json\/wp\/v2\/types\/post"}],"author":[{"embeddable":true,"href":"https:\/\/neanoticias.com\/index.php\/wp-json\/wp\/v2\/users\/1"}],"replies":[{"embeddable":true,"href":"https:\/\/neanoticias.com\/index.php\/wp-json\/wp\/v2\/comments?post=328"}],"version-history":[{"count":3,"href":"https:\/\/neanoticias.com\/index.php\/wp-json\/wp\/v2\/posts\/328\/revisions"}],"predecessor-version":[{"id":333,"href":"https:\/\/neanoticias.com\/index.php\/wp-json\/wp\/v2\/posts\/328\/revisions\/333"}],"wp:featuredmedia":[{"embeddable":true,"href":"https:\/\/neanoticias.com\/index.php\/wp-json\/wp\/v2\/media\/329"}],"wp:attachment":[{"href":"https:\/\/neanoticias.com\/index.php\/wp-json\/wp\/v2\/media?parent=328"}],"wp:term":[{"taxonomy":"category","embeddable":true,"href":"https:\/\/neanoticias.com\/index.php\/wp-json\/wp\/v2\/categories?post=328"},{"taxonomy":"post_tag","embeddable":true,"href":"https:\/\/neanoticias.com\/index.php\/wp-json\/wp\/v2\/tags?post=328"}],"curies":[{"name":"wp","href":"https:\/\/api.w.org\/{rel}","templated":true}]}}