{"id":321,"date":"2022-11-04T14:51:50","date_gmt":"2022-11-04T14:51:50","guid":{"rendered":"https:\/\/neanoticias.com\/?p=321"},"modified":"2022-11-04T14:51:50","modified_gmt":"2022-11-04T14:51:50","slug":"apunalaron-y-mataron-a-un-joven-durante-una-pelea","status":"publish","type":"post","link":"https:\/\/neanoticias.com\/index.php\/2022\/11\/04\/apunalaron-y-mataron-a-un-joven-durante-una-pelea\/","title":{"rendered":"APU\u00d1ALARON Y MATARON A UN JOVEN DURANTE UNA PELEA"},"content":{"rendered":"\n<p>El sangriento episodio ocurri\u00f3 este jueves por la noche en la localidad de Esquina. La v\u00edctima ten\u00eda 25 a\u00f1os.<\/p>\n\n\n\n<figure class=\"wp-block-image size-full\"><img loading=\"lazy\" width=\"850\" height=\"574\" src=\"https:\/\/neanoticias.com\/wp-content\/uploads\/2022\/11\/1260062w850h574c.jpg.webp\" alt=\"\" class=\"wp-image-322\" srcset=\"https:\/\/neanoticias.com\/wp-content\/uploads\/2022\/11\/1260062w850h574c.jpg.webp 850w, https:\/\/neanoticias.com\/wp-content\/uploads\/2022\/11\/1260062w850h574c.jpg-300x203.webp 300w, https:\/\/neanoticias.com\/wp-content\/uploads\/2022\/11\/1260062w850h574c.jpg-768x519.webp 768w\" sizes=\"(max-width: 850px) 100vw, 850px\" \/><\/figure>\n\n\n\n<p>Un nuevo lamentable hecho se registr\u00f3 este jueves por la noche cuando un joven de 25 a\u00f1os perdi\u00f3 la vida de manera instant\u00e1nea tras haber sido apu\u00f1alado por otro hombre en el momento que ambos protagonizaban una ri\u00f1a en la calle.<\/p>\n\n\n\n<p>El episodio sangriento ocurri\u00f3 en el barrio San Benito de la localidad correntina de Esquina. La v\u00edctima fue identificada con el apellido Yandet.&nbsp;<\/p>\n\n\n\n<p>Una fuente judicial inform\u00f3 a Radio Dos que por el caso hay tres personas detenidas y que los polic\u00edas se encuentran rastrillando el barrio para poder encontrar el arma con el cual asesinaron a la v\u00edctima.<\/p>\n\n\n\n<p>Tambi\u00e9n informaron que Yandet recibi\u00f3 dos puntazos en zona de la axila derecha. En tanto, su cuerpo fue trasladado a Goya donde le realizar\u00e1n las autopsias correspondientes.&nbsp;<\/p>\n","protected":false},"excerpt":{"rendered":"<p>El sangriento episodio ocurri\u00f3 este jueves por la noche en la localidad de Esquina. La&#8230;<\/p>\n","protected":false},"author":1,"featured_media":322,"comment_status":"open","ping_status":"open","sticky":false,"template":"","format":"standard","meta":[],"categories":[1],"tags":[],"_links":{"self":[{"href":"https:\/\/neanoticias.com\/index.php\/wp-json\/wp\/v2\/posts\/321"}],"collection":[{"href":"https:\/\/neanoticias.com\/index.php\/wp-json\/wp\/v2\/posts"}],"about":[{"href":"https:\/\/neanoticias.com\/index.php\/wp-json\/wp\/v2\/types\/post"}],"author":[{"embeddable":true,"href":"https:\/\/neanoticias.com\/index.php\/wp-json\/wp\/v2\/users\/1"}],"replies":[{"embeddable":true,"href":"https:\/\/neanoticias.com\/index.php\/wp-json\/wp\/v2\/comments?post=321"}],"version-history":[{"count":1,"href":"https:\/\/neanoticias.com\/index.php\/wp-json\/wp\/v2\/posts\/321\/revisions"}],"predecessor-version":[{"id":323,"href":"https:\/\/neanoticias.com\/index.php\/wp-json\/wp\/v2\/posts\/321\/revisions\/323"}],"wp:featuredmedia":[{"embeddable":true,"href":"https:\/\/neanoticias.com\/index.php\/wp-json\/wp\/v2\/media\/322"}],"wp:attachment":[{"href":"https:\/\/neanoticias.com\/index.php\/wp-json\/wp\/v2\/media?parent=321"}],"wp:term":[{"taxonomy":"category","embeddable":true,"href":"https:\/\/neanoticias.com\/index.php\/wp-json\/wp\/v2\/categories?post=321"},{"taxonomy":"post_tag","embeddable":true,"href":"https:\/\/neanoticias.com\/index.php\/wp-json\/wp\/v2\/tags?post=321"}],"curies":[{"name":"wp","href":"https:\/\/api.w.org\/{rel}","templated":true}]}}