{"id":315,"date":"2022-11-04T14:49:10","date_gmt":"2022-11-04T14:49:10","guid":{"rendered":"https:\/\/neanoticias.com\/?p=315"},"modified":"2022-11-04T14:49:10","modified_gmt":"2022-11-04T14:49:10","slug":"atraparon-a-un-albanil-buscado-por-abuso-sexual-contra-una-mujer","status":"publish","type":"post","link":"https:\/\/neanoticias.com\/index.php\/2022\/11\/04\/atraparon-a-un-albanil-buscado-por-abuso-sexual-contra-una-mujer\/","title":{"rendered":"ATRAPARON A UN ALBA\u00d1IL BUSCADO POR ABUSO SEXUAL CONTRA UNA MUJER"},"content":{"rendered":"\n<p>El hecho ocurri\u00f3 a finales del mes de agosto y desde entonces el sospechoso ten\u00eda pedido de aprehensi\u00f3n. En tanto el 14 de noviembre comenzar\u00e1 el juicio contra otro trabajador de la construcci\u00f3n acusado por su hermana y sobrina por ataques sexuales reiterados.<\/p>\n\n\n\n<figure class=\"wp-block-image size-full\"><img loading=\"lazy\" width=\"850\" height=\"873\" src=\"https:\/\/neanoticias.com\/wp-content\/uploads\/2022\/11\/1260035w850h873c.jpg.webp\" alt=\"\" class=\"wp-image-316\" srcset=\"https:\/\/neanoticias.com\/wp-content\/uploads\/2022\/11\/1260035w850h873c.jpg.webp 850w, https:\/\/neanoticias.com\/wp-content\/uploads\/2022\/11\/1260035w850h873c.jpg-292x300.webp 292w, https:\/\/neanoticias.com\/wp-content\/uploads\/2022\/11\/1260035w850h873c.jpg-768x789.webp 768w\" sizes=\"(max-width: 850px) 100vw, 850px\" \/><\/figure>\n\n\n\n<p>Un hombre sobre el cual pesaba un pedido de localizaci\u00f3n y aprehensi\u00f3n por estar acusado de abuso sexual simple contra una mujer, y que estaba trabajando de alba\u00f1il en una vivienda, fue detenido ayer luego de dos meses de investigaci\u00f3n y b\u00fasqueda para determinar d\u00f3nde se encontraba, indicaron fuentes oficiales.<\/p>\n\n\n\n<p>El procedimiento se concret\u00f3 alrededor de las 13:50 luego de un trabajo de vigilancia e inteligencia realizado por efectivos de la brigada del Destacamento San Marcos. Los efectivos bajo el mando del comisario inspector V\u00edctor Oscar Medina pudieron determinar que el hombre estaba trabajando en una finca cuando lo esperaron en la v\u00eda p\u00fablica y en inmediaciones de las calles Nicaragua, esquina Miami de la capital correntina, procedieron a su demora sin que el sujeto opusiera resistencia.<\/p>\n\n\n\n<p>El acusado, identificado como H\u00e9ctor Luis T. de 24 a\u00f1os, circulaba a bordo de una motocicleta Zanella ZB de color negra 110, dominio colocado A027VWP, sobre la que no ten\u00eda ning\u00fan tipo de documentaci\u00f3n que acredite su propiedad.<\/p>\n\n\n\n<p>Seg\u00fan indicaron fuentes oficiales, sobre el hombre pesaba un pedido de &#8220;localizaci\u00f3n de paradero y aprehensi\u00f3n&#8221; vinculado a una causa por &#8220;supuesto abuso sexual simple&#8221; que se tramita ante el Juzgado de Instrucci\u00f3n N\u00b04, ocurrido contra una mujer hace ya dos meses.<\/p>\n\n\n\n<p>Tras su detenci\u00f3n el sospechoso fue puesto a disposici\u00f3n de la Justicia y trasladado a la comisar\u00eda 21\u00aa donde aguardar\u00e1 la resoluci\u00f3n de su situaci\u00f3n procesal. En tanto la motocicleta fue secuestrada bajo las formalidades legales a instancias de determinar fehacientemente a qui\u00e9n pertenece.<\/p>\n\n\n\n<h2>Otro que llega a juicio<\/h2>\n\n\n\n<p>Mientras tanto, se espera para el pr\u00f3ximo 14 de noviembre el inicio del juicio que se le sigue a otro alba\u00f1il denunciado por su propia hermana por &#8220;supuesto abuso sexual con acceso carnal v\u00eda oral&#8221; ocurrido durante casi siete a\u00f1os, seg\u00fan consta en la denuncia. Tambi\u00e9n una sobrina lo hab\u00eda denunciado por &#8220;abuso sexual simple&#8221;, aunque seg\u00fan su abogado defensor la causa no tiene elementos de pruebas contundentes y est\u00e1 plagada de contradicciones en los testimonios de las v\u00edctimas.<\/p>\n\n\n\n<p>As\u00ed lo sostuvo ayer el letrado Germ\u00e1n Giles, quien patrocina la defensa de A. G. Wybert, de 24 a\u00f1os, denunciado en noviembre de 2021 por su hermana de 18 a\u00f1os, quien le dijo a la Polic\u00eda que era sometida sexualmente por este desde que ten\u00eda cinco a\u00f1os y hasta los 13. Luego de que el joven fuera detenido, una sobrina de doce a\u00f1os tambi\u00e9n habr\u00eda dicho a su madre que su t\u00edo la habr\u00eda manoseado en sus partes \u00edntimas en reiteradas oportunidades.<\/p>\n\n\n\n<p>El juicio se desarrollar\u00e1 a partir del pr\u00f3ximo 14 de noviembre en el Tribunal Oral Penal N\u00b01.<\/p>\n\n\n\n<p>&#8220;No existe en la causa elementos contundentes para acusarlo de tales hechos. A la vez que hay serias contradicciones, tanto en la primera causa como en la segunda. Vamos a demostrar el estado de inocencia de este muchacho. El acusado viv\u00eda en un n\u00facleo familiar conflictivo, de pobreza y abandono absoluto, de mucha marginalidad social&#8221;. Las causas con las que Wybert llega a juicio son: abuso sexual con acceso carnal por v\u00eda oral reiterados y abuso sexual simple cometido contra una menor de edad, con amenazas de por medio. Vamos a demostrar las irregularidades que existieron desde la investigaci\u00f3n del caso, testigos que contradicen a la denunciante y las inexactitudes respecto de la segunda causa. Adem\u00e1s, del mal uso que se le da a la C\u00e1mara Gesell en casos como estos&#8221;, indic\u00f3 ayer Giles en di\u00e1logo con diario \u00e9poca.<\/p>\n","protected":false},"excerpt":{"rendered":"<p>El hecho ocurri\u00f3 a finales del mes de agosto y desde entonces el sospechoso ten\u00eda&#8230;<\/p>\n","protected":false},"author":1,"featured_media":316,"comment_status":"open","ping_status":"open","sticky":false,"template":"","format":"standard","meta":[],"categories":[1],"tags":[],"_links":{"self":[{"href":"https:\/\/neanoticias.com\/index.php\/wp-json\/wp\/v2\/posts\/315"}],"collection":[{"href":"https:\/\/neanoticias.com\/index.php\/wp-json\/wp\/v2\/posts"}],"about":[{"href":"https:\/\/neanoticias.com\/index.php\/wp-json\/wp\/v2\/types\/post"}],"author":[{"embeddable":true,"href":"https:\/\/neanoticias.com\/index.php\/wp-json\/wp\/v2\/users\/1"}],"replies":[{"embeddable":true,"href":"https:\/\/neanoticias.com\/index.php\/wp-json\/wp\/v2\/comments?post=315"}],"version-history":[{"count":1,"href":"https:\/\/neanoticias.com\/index.php\/wp-json\/wp\/v2\/posts\/315\/revisions"}],"predecessor-version":[{"id":317,"href":"https:\/\/neanoticias.com\/index.php\/wp-json\/wp\/v2\/posts\/315\/revisions\/317"}],"wp:featuredmedia":[{"embeddable":true,"href":"https:\/\/neanoticias.com\/index.php\/wp-json\/wp\/v2\/media\/316"}],"wp:attachment":[{"href":"https:\/\/neanoticias.com\/index.php\/wp-json\/wp\/v2\/media?parent=315"}],"wp:term":[{"taxonomy":"category","embeddable":true,"href":"https:\/\/neanoticias.com\/index.php\/wp-json\/wp\/v2\/categories?post=315"},{"taxonomy":"post_tag","embeddable":true,"href":"https:\/\/neanoticias.com\/index.php\/wp-json\/wp\/v2\/tags?post=315"}],"curies":[{"name":"wp","href":"https:\/\/api.w.org\/{rel}","templated":true}]}}