{"id":304,"date":"2022-10-27T13:28:46","date_gmt":"2022-10-27T13:28:46","guid":{"rendered":"https:\/\/neanoticias.com\/?p=304"},"modified":"2022-10-27T13:28:46","modified_gmt":"2022-10-27T13:28:46","slug":"wado-de-pedro-dijo-que-la-mayoria-del-frente-de-todos-no-quiere-paso-estan-tratando-de-convencer-al-presidente","status":"publish","type":"post","link":"https:\/\/neanoticias.com\/index.php\/2022\/10\/27\/wado-de-pedro-dijo-que-la-mayoria-del-frente-de-todos-no-quiere-paso-estan-tratando-de-convencer-al-presidente\/","title":{"rendered":"&#8220;WADO&#8221; DE PEDRO DIJO QUE LA MAYOR\u00cdA DEL FRENTE DE TODOS NO QUIERE PASO: &#8220;EST\u00c1N TRATANDO DE CONVENCER AL PRESIDENTE&#8221;"},"content":{"rendered":"\n<p>El ministro del Interior analiz\u00f3 el escenario electoral para 2023 y expuso las diferencias internas que existen sobre las Primarias<\/p>\n\n\n\n<figure class=\"wp-block-image size-full\"><img loading=\"lazy\" width=\"850\" height=\"486\" src=\"https:\/\/neanoticias.com\/wp-content\/uploads\/2022\/10\/1172908w850h486c.jpg.webp\" alt=\"\" class=\"wp-image-305\" srcset=\"https:\/\/neanoticias.com\/wp-content\/uploads\/2022\/10\/1172908w850h486c.jpg.webp 850w, https:\/\/neanoticias.com\/wp-content\/uploads\/2022\/10\/1172908w850h486c.jpg-300x172.webp 300w, https:\/\/neanoticias.com\/wp-content\/uploads\/2022\/10\/1172908w850h486c.jpg-768x439.webp 768w\" sizes=\"(max-width: 850px) 100vw, 850px\" \/><\/figure>\n\n\n\n<p>Las elecciones de 2023 siguen ganando terreno en la agenda pol\u00edtica y, en ese marco, las PASO son el primer tema de debate en el seno del oficialismo.<\/p>\n\n\n\n<p>&#8220;La discusi\u00f3n es p\u00fablica, el 100% de los gobernadores se manifest\u00f3 a favor de que no haya cuatro elecciones en el a\u00f1o&#8221;, se\u00f1al\u00f3 Eduardo Wado de Pedro esta ma\u00f1ana en di\u00e1logo con Roberto Navarro en El Destape.<\/p>\n\n\n\n<p>&nbsp;<br>&#8220;Eso manifiesta la mayor\u00eda de los gobernadores e intendentes, que quieren convencerlo al Presidente de la idea que tienen ellos&#8221;, apunt\u00f3 un d\u00eda despu\u00e9s de que Alberto Fern\u00e1ndez expresara con claridad su intenci\u00f3n de que las candidaturas se definan en las Primarias.<\/p>\n\n\n\n<p>Por el contrario, para De Pedro, &#8220;la gente est\u00e1 para votar, pero las discusiones internas se tienen que dar adentro de cada fuerza pol\u00edtica&#8221;.<\/p>\n\n\n\n<p>En otro tramo de la entrevista, el ministro del Interior hizo un balance cr\u00edtico de la gesti\u00f3n de gobierno, porque record\u00f3 que al asumir &#8220;hab\u00eda un compromiso de fortalecer el poder adquisitivo&#8221;, pero eso no se cumpli\u00f3.<\/p>\n\n\n\n<p>&#8220;Ese compromiso nuestro hoy nos da un poquito de bronca&#8230; los que organizamos el Frente de Todos y pensamos la elecci\u00f3n de 2017 tenemos bronca, no estamos conformes con el resultado&#8221;, cuestion\u00f3 antes de profundizar su an\u00e1lisis.<\/p>\n\n\n\n<p>&#8220;Hay que poner m\u00e1s, esforzarse m\u00e1s, conseguir el resultado de la forma que sea. La batalla del poder adquisitivo no la estamos ganando y la queremos ganar&#8221;, postul\u00f3 a modo de desaf\u00edo. &#8220;Hay que cumplir la palabra y hacer un esfuerzo mucho mayor. La gente tiene que tener mas plata que lo que la inflaci\u00f3n le saca&#8221;.<\/p>\n","protected":false},"excerpt":{"rendered":"<p>El ministro del Interior analiz\u00f3 el escenario electoral para 2023 y expuso las diferencias internas&#8230;<\/p>\n","protected":false},"author":1,"featured_media":305,"comment_status":"open","ping_status":"open","sticky":false,"template":"","format":"standard","meta":[],"categories":[1],"tags":[],"_links":{"self":[{"href":"https:\/\/neanoticias.com\/index.php\/wp-json\/wp\/v2\/posts\/304"}],"collection":[{"href":"https:\/\/neanoticias.com\/index.php\/wp-json\/wp\/v2\/posts"}],"about":[{"href":"https:\/\/neanoticias.com\/index.php\/wp-json\/wp\/v2\/types\/post"}],"author":[{"embeddable":true,"href":"https:\/\/neanoticias.com\/index.php\/wp-json\/wp\/v2\/users\/1"}],"replies":[{"embeddable":true,"href":"https:\/\/neanoticias.com\/index.php\/wp-json\/wp\/v2\/comments?post=304"}],"version-history":[{"count":1,"href":"https:\/\/neanoticias.com\/index.php\/wp-json\/wp\/v2\/posts\/304\/revisions"}],"predecessor-version":[{"id":306,"href":"https:\/\/neanoticias.com\/index.php\/wp-json\/wp\/v2\/posts\/304\/revisions\/306"}],"wp:featuredmedia":[{"embeddable":true,"href":"https:\/\/neanoticias.com\/index.php\/wp-json\/wp\/v2\/media\/305"}],"wp:attachment":[{"href":"https:\/\/neanoticias.com\/index.php\/wp-json\/wp\/v2\/media?parent=304"}],"wp:term":[{"taxonomy":"category","embeddable":true,"href":"https:\/\/neanoticias.com\/index.php\/wp-json\/wp\/v2\/categories?post=304"},{"taxonomy":"post_tag","embeddable":true,"href":"https:\/\/neanoticias.com\/index.php\/wp-json\/wp\/v2\/tags?post=304"}],"curies":[{"name":"wp","href":"https:\/\/api.w.org\/{rel}","templated":true}]}}