{"id":30,"date":"2022-08-22T23:12:45","date_gmt":"2022-08-22T23:12:45","guid":{"rendered":"https:\/\/neanoticias.com\/?p=30"},"modified":"2022-08-22T23:15:51","modified_gmt":"2022-08-22T23:15:51","slug":"la-provincia-festejo-el-dia-del-nino-en-la-expo-emprendedores-con-mas-de-2000-ninos","status":"publish","type":"post","link":"https:\/\/neanoticias.com\/index.php\/2022\/08\/22\/la-provincia-festejo-el-dia-del-nino-en-la-expo-emprendedores-con-mas-de-2000-ninos\/","title":{"rendered":"La Provincia festej\u00f3 el d\u00eda del ni\u00f1o en la Expo Emprendedores con m\u00e1s de 2000 ni\u00f1os"},"content":{"rendered":"\n<p>Con una masiva&nbsp; convocatoria el Ministerio de Desarrollo Social de la Provincia&nbsp; realiz\u00f3 un homenaje a los ni\u00f1os por su d\u00eda, este domingo 21 en el Parque Mitre en el marco de la Expo Emprendedora con la presencia de personajes infantiles que cautivaron al p\u00fablico.<\/p>\n\n\n\n<figure class=\"wp-block-image size-full\"><img loading=\"lazy\" width=\"850\" height=\"540\" src=\"https:\/\/neanoticias.com\/wp-content\/uploads\/2022\/08\/image-4.png\" alt=\"\" class=\"wp-image-31\" srcset=\"https:\/\/neanoticias.com\/wp-content\/uploads\/2022\/08\/image-4.png 850w, https:\/\/neanoticias.com\/wp-content\/uploads\/2022\/08\/image-4-300x191.png 300w, https:\/\/neanoticias.com\/wp-content\/uploads\/2022\/08\/image-4-768x488.png 768w\" sizes=\"(max-width: 850px) 100vw, 850px\" \/><\/figure>\n\n\n\n<p>M\u00e1s de dos mil ni\u00f1os &nbsp;presenciaron el espect\u00e1culo infantil preparado por el Gobierno Provincial con una galer\u00eda de personajes que deleitaron &nbsp;durante la tarde de este domingo.<\/p>\n\n\n\n<p>La Fiesta fue organizada por la Direcci\u00f3n de Comercializaci\u00f3n a cargo de D\u00e9bora Galarza Alcaraz dependiente del Ministerio de Desarrollo Social. &nbsp;Durante la misma estuvieron junto a los ni\u00f1os adem\u00e1s de la Directora Galarza Alcaraz, el Director de Diversidad y G\u00e9nero V\u00edctor Hugo Gonz\u00e1lez y el Director de Seguridad Alimentaria Lucas Carballo tambi\u00e9n pertenecientes a la misma cartera social.<\/p>\n\n\n\n<p>Se cont\u00f3 con la participaci\u00f3n de personajes \u00a0de los dibujos animados que enamoran a los ni\u00f1os \u00a0como la Payasa Tinkerbell , la Gata Mimosa , el Sapo Pepe, directamente de M\u00e9xico el \u00a0Chavo del Ocho , el humor de La Luchona y la \u00a0animaci\u00f3n de Charly junto a Gabriela Cosarinsky.-<\/p>\n\n\n\n<figure class=\"wp-block-image size-full\"><img loading=\"lazy\" width=\"1024\" height=\"682\" src=\"https:\/\/neanoticias.com\/wp-content\/uploads\/2022\/08\/image-5.png\" alt=\"\" class=\"wp-image-32\" srcset=\"https:\/\/neanoticias.com\/wp-content\/uploads\/2022\/08\/image-5.png 1024w, https:\/\/neanoticias.com\/wp-content\/uploads\/2022\/08\/image-5-300x200.png 300w, https:\/\/neanoticias.com\/wp-content\/uploads\/2022\/08\/image-5-768x512.png 768w\" sizes=\"(max-width: 1024px) 100vw, 1024px\" \/><\/figure>\n\n\n\n<p>Adem\u00e1s se cont\u00f3 con clases de Zumba y Aerobox, tambi\u00e9n realiz\u00f3 su exhibici\u00f3n &nbsp;el grupo de Taekwondo &nbsp; del Prof. Vegas M\u00e1ster, asimismo la Fundaci\u00f3n de Jorge Lemanchi, Prof. Mar\u00eda Ser\u00e1ti y Blanco Javier llevaron a cabo demostraci\u00f3n de estructuras y rupturas de bloque entre otras maniobras de defensas personales, posteriormente &nbsp;actu\u00f3 &nbsp;Adri\u00e1n con m\u00fasica de pel\u00edculas para &nbsp;ni\u00f1os proyectada en la pantalla y acompa\u00f1ada de su bajo.<\/p>\n\n\n\n<p>Entrada la noche actu\u00f3 el grupo CUMBIA Cabr\u00f3n con un gran show y cerr\u00f3 la jornada la Bater\u00eda de la Comparsa Copacabana a puro Carnaval. \u2003<\/p>\n\n\n\n<p>Toda esta festividad se vivi\u00f3 en el marco de la Expo Emprendedora que &nbsp;recaud\u00f3 m\u00e1s de un mill\u00f3n de pesos con la exposici\u00f3n y venta de m\u00e1s de 200 emprendedores &nbsp;que participaron de las Ferias del fin de semana, especialmente con una gran venta el domingo. Artesan\u00edas y gastronom\u00eda acompa\u00f1aron a esta jornada cargada de actividades &nbsp;para los ni\u00f1os.<\/p>\n\n\n\n<p>&nbsp;&#8220;Muy feliz de haber compartido con tantos ni\u00f1os, m\u00e1s de 2000 se acercaron a nuestro festejo, jugaron &nbsp;y participaron de todos las actividades recreativas especialmente preparadas para ellos como pinta caritas, espacios de arte &nbsp;y de juegos y por supuesto los espect\u00e1culos art\u00edsticos &nbsp;con personajes muy divertidos, adem\u00e1s se sortearon m\u00e1s de 200 &nbsp;juguetes, fue una gran fiesta y los ni\u00f1os disfrutaron much\u00edsimo&#8221; coment\u00f3 con gran entusiasmo D\u00e9bora Galarza Alcaraz<\/p>\n","protected":false},"excerpt":{"rendered":"<p>Con una masiva  convocatoria el Ministerio de Desarrollo Social de la Provincia  realiz\u00f3 un homenaje a los ni\u00f1os por su d\u00eda, este domingo 21 en el Parque Mitre en el marco de la Expo Emprendedora con la presencia de personajes infantiles que cautivaron al p\u00fablico.<\/p>\n","protected":false},"author":1,"featured_media":32,"comment_status":"open","ping_status":"open","sticky":false,"template":"","format":"standard","meta":[],"categories":[3],"tags":[],"_links":{"self":[{"href":"https:\/\/neanoticias.com\/index.php\/wp-json\/wp\/v2\/posts\/30"}],"collection":[{"href":"https:\/\/neanoticias.com\/index.php\/wp-json\/wp\/v2\/posts"}],"about":[{"href":"https:\/\/neanoticias.com\/index.php\/wp-json\/wp\/v2\/types\/post"}],"author":[{"embeddable":true,"href":"https:\/\/neanoticias.com\/index.php\/wp-json\/wp\/v2\/users\/1"}],"replies":[{"embeddable":true,"href":"https:\/\/neanoticias.com\/index.php\/wp-json\/wp\/v2\/comments?post=30"}],"version-history":[{"count":2,"href":"https:\/\/neanoticias.com\/index.php\/wp-json\/wp\/v2\/posts\/30\/revisions"}],"predecessor-version":[{"id":38,"href":"https:\/\/neanoticias.com\/index.php\/wp-json\/wp\/v2\/posts\/30\/revisions\/38"}],"wp:featuredmedia":[{"embeddable":true,"href":"https:\/\/neanoticias.com\/index.php\/wp-json\/wp\/v2\/media\/32"}],"wp:attachment":[{"href":"https:\/\/neanoticias.com\/index.php\/wp-json\/wp\/v2\/media?parent=30"}],"wp:term":[{"taxonomy":"category","embeddable":true,"href":"https:\/\/neanoticias.com\/index.php\/wp-json\/wp\/v2\/categories?post=30"},{"taxonomy":"post_tag","embeddable":true,"href":"https:\/\/neanoticias.com\/index.php\/wp-json\/wp\/v2\/tags?post=30"}],"curies":[{"name":"wp","href":"https:\/\/api.w.org\/{rel}","templated":true}]}}