{"id":295,"date":"2022-10-26T14:48:32","date_gmt":"2022-10-26T14:48:32","guid":{"rendered":"https:\/\/neanoticias.com\/?p=295"},"modified":"2022-10-26T14:48:33","modified_gmt":"2022-10-26T14:48:33","slug":"capital-pidio-que-le-restituyan-sus-hijos","status":"publish","type":"post","link":"https:\/\/neanoticias.com\/index.php\/2022\/10\/26\/capital-pidio-que-le-restituyan-sus-hijos\/","title":{"rendered":"CAPITAL: PIDI\u00d3 QUE LE RESTITUYAN SUS HIJOS"},"content":{"rendered":"\n<p>Alejandra es madre de dos chicos de 6 y 7 a\u00f1os a quienes los ve a trav\u00e9s de un r\u00e9gimen de visitas. Tiempo atr\u00e1s, el padre de los ni\u00f1os la denunci\u00f3 por maltrato, situaci\u00f3n que habr\u00eda sido &#8220;por despecho&#8221; ante la separaci\u00f3n de la pareja. La causa est\u00e1 en el Juzgado de Familia y desde ayer, la mujer cuenta con la defensa de un abogado, Hermindo Gonz\u00e1lez, quien inici\u00f3 las presentaciones respectivas.<\/p>\n\n\n\n<figure class=\"wp-block-image size-full\"><img loading=\"lazy\" width=\"850\" height=\"788\" src=\"https:\/\/neanoticias.com\/wp-content\/uploads\/2022\/10\/1258533w850h788c.jpg.webp\" alt=\"\" class=\"wp-image-296\" srcset=\"https:\/\/neanoticias.com\/wp-content\/uploads\/2022\/10\/1258533w850h788c.jpg.webp 850w, https:\/\/neanoticias.com\/wp-content\/uploads\/2022\/10\/1258533w850h788c.jpg-300x278.webp 300w, https:\/\/neanoticias.com\/wp-content\/uploads\/2022\/10\/1258533w850h788c.jpg-768x712.webp 768w\" sizes=\"(max-width: 850px) 100vw, 850px\" \/><\/figure>\n\n\n\n<p>Durante la ma\u00f1ana de ayer, un grupo de mujeres acompa\u00f1adas por el abogado Hermindo Gonz\u00e1lez lleg\u00f3 hasta calle San Juan esquina 9 de Julio de la capital provincial, frente al edificio del Poder Judicial, en reclamo de la restituci\u00f3n de dos ni\u00f1os al seno materno. &#8220;En una de las ultimas visitas encontr\u00e9 a mis hijos con neumon\u00eda&#8221;, dijo Alejandra ante la prensa.<\/p>\n\n\n\n<p>La mujer cont\u00f3 que su preocupaci\u00f3n es porque adem\u00e1s de haberlos visto mal de salud, est\u00e1n al cuidado de la abuela paterna, quien habr\u00eda sido la que aconsej\u00f3 a su hijo de denunciarla por maltratos para quedarse con los ni\u00f1os. &#8220;Adem\u00e1s mis hijos viven en una casa, en la que uno de los integrantes (t\u00edo) tiene denuncia por abuso. Temo lo peor y hace cinco a\u00f1os que espero una respuesta de la Justicia&#8221;, agreg\u00f3.<\/p>\n\n\n\n<p>&#8220;El pr\u00f3ximo 7 de noviembre habr\u00e1 una audiencia para resolver la tenencia&#8221;, dijo a este medio el abogado quien adem\u00e1s reiter\u00f3 que se &#8220;exigir\u00e1 justicia&#8221;.<\/p>\n\n\n\n<p>\u00e9poca pudo saber que la vida de Alejandra, quien tiene otros chicos, estuvo marcada por el sometimiento y maltrato, lo que la llev\u00f3 a alejarse de su primera pareja.<\/p>\n\n\n\n<p>Sin embargo, el hombre por &#8220;despecho&#8221; la denunci\u00f3 por violenta y alej\u00f3 a sus hijos. Desde entonces, cinco a\u00f1os atr\u00e1s, su expediente sigue en el Juzgado de Familia.<\/p>\n\n\n\n<p>&#8220;Me canse del maltrato y de callar&#8221;, dijo a la prensa. Situaci\u00f3n que la llev\u00f3 a manifestarse en la calle y pedir que le devuelvan a sus hijos.<\/p>\n","protected":false},"excerpt":{"rendered":"<p>Alejandra es madre de dos chicos de 6 y 7 a\u00f1os a quienes los ve&#8230;<\/p>\n","protected":false},"author":1,"featured_media":296,"comment_status":"open","ping_status":"open","sticky":false,"template":"","format":"standard","meta":[],"categories":[1],"tags":[],"_links":{"self":[{"href":"https:\/\/neanoticias.com\/index.php\/wp-json\/wp\/v2\/posts\/295"}],"collection":[{"href":"https:\/\/neanoticias.com\/index.php\/wp-json\/wp\/v2\/posts"}],"about":[{"href":"https:\/\/neanoticias.com\/index.php\/wp-json\/wp\/v2\/types\/post"}],"author":[{"embeddable":true,"href":"https:\/\/neanoticias.com\/index.php\/wp-json\/wp\/v2\/users\/1"}],"replies":[{"embeddable":true,"href":"https:\/\/neanoticias.com\/index.php\/wp-json\/wp\/v2\/comments?post=295"}],"version-history":[{"count":1,"href":"https:\/\/neanoticias.com\/index.php\/wp-json\/wp\/v2\/posts\/295\/revisions"}],"predecessor-version":[{"id":297,"href":"https:\/\/neanoticias.com\/index.php\/wp-json\/wp\/v2\/posts\/295\/revisions\/297"}],"wp:featuredmedia":[{"embeddable":true,"href":"https:\/\/neanoticias.com\/index.php\/wp-json\/wp\/v2\/media\/296"}],"wp:attachment":[{"href":"https:\/\/neanoticias.com\/index.php\/wp-json\/wp\/v2\/media?parent=295"}],"wp:term":[{"taxonomy":"category","embeddable":true,"href":"https:\/\/neanoticias.com\/index.php\/wp-json\/wp\/v2\/categories?post=295"},{"taxonomy":"post_tag","embeddable":true,"href":"https:\/\/neanoticias.com\/index.php\/wp-json\/wp\/v2\/tags?post=295"}],"curies":[{"name":"wp","href":"https:\/\/api.w.org\/{rel}","templated":true}]}}