{"id":292,"date":"2022-10-26T14:47:16","date_gmt":"2022-10-26T14:47:16","guid":{"rendered":"https:\/\/neanoticias.com\/?p=292"},"modified":"2022-10-26T14:47:17","modified_gmt":"2022-10-26T14:47:17","slug":"hackearon-la-cuenta-de-un-intendente-correntino-y-estafaron-a-los-vecinos","status":"publish","type":"post","link":"https:\/\/neanoticias.com\/index.php\/2022\/10\/26\/hackearon-la-cuenta-de-un-intendente-correntino-y-estafaron-a-los-vecinos\/","title":{"rendered":"HACKEARON LA CUENTA DE UN INTENDENTE CORRENTINO Y ESTAFARON A LOS VECINOS"},"content":{"rendered":"\n<p>Pide a los ciudadanos que tomen recaudos porque asegura que ya hubo casos de personas embaucadas.\u00a0<\/p>\n\n\n\n<figure class=\"wp-block-image size-full\"><img loading=\"lazy\" width=\"770\" height=\"440\" src=\"https:\/\/neanoticias.com\/wp-content\/uploads\/2022\/10\/1666756421711.webp\" alt=\"\" class=\"wp-image-293\" srcset=\"https:\/\/neanoticias.com\/wp-content\/uploads\/2022\/10\/1666756421711.webp 770w, https:\/\/neanoticias.com\/wp-content\/uploads\/2022\/10\/1666756421711-300x171.webp 300w, https:\/\/neanoticias.com\/wp-content\/uploads\/2022\/10\/1666756421711-768x439.webp 768w\" sizes=\"(max-width: 770px) 100vw, 770px\" \/><\/figure>\n\n\n\n<p>El intendente curuzucuate\u00f1o Jos\u00e9 Irigoyen denunci\u00f3 ante la Fiscal\u00eda de la localidad que hackearon su cuenta de Instagram, con cual estafan a vecinos. Y espera que se resuelva r\u00e1pidamente ya que sabe de amistades a las que ya lograron robarle dinero.&nbsp;<\/p>\n\n\n\n<p>La Municipalidad de Curuz\u00fa Cuati\u00e1 denunci\u00f3 esta semana que alguien se hace pasar por el intendente en redes sociales.<\/p>\n\n\n\n<p><strong>\u201cSi por alguna raz\u00f3n reciben un mensaje de esta cuenta de WhatsApp o Instagram con este n\u00famero y este nombre preguntando si quieren comprar d\u00f3lares, por favor reporten y bloqueen, es una cuenta falsa y con ella est\u00e1n haciendo estafas\u201d<\/strong>, se\u00f1alaron.&nbsp;<\/p>\n\n\n\n<p>Por su parte, Irigoyen cont\u00f3 a&nbsp;<strong>El Litoral<\/strong>&nbsp; lo que sucedi\u00f3:&nbsp; \u201c<strong>Esto no es nuevo, viene de hace cinco meses al menos. Me robaron el acceso a mi cuenta personal de Instagram y ya no tengo acceso. Tambi\u00e9n crearon una cuenta de Facebook con mis fotos y con un n\u00famero que no es el m\u00edo mandan mensajes a mis contactos a trav\u00e9s de WhatsApp y les ofrecen d\u00f3lares\u201d, detall\u00f3 el funcionario.&nbsp;<\/strong><\/p>\n\n\n\n<blockquote class=\"wp-block-quote\"><p>\u201c<strong>Esto no es nuevo, viene de hace cinco meses al menos. Me robaron el acceso a mi cuenta personal de Instagram y ya no tengo acceso&#8221;, sostuvo el intendente.<\/strong><\/p><\/blockquote>\n\n\n\n<p>Seg\u00fan cont\u00f3, cree que robaron sus fotos personales de alguna de sus cuentas oficiales porque es una persona p\u00fablica. Por esto, Irigoyen realiz\u00f3 una denuncia ante la Fiscal\u00eda de Curuz\u00fa Cuati\u00e1.&nbsp;&nbsp;<\/p>\n\n\n\n<p><strong>\u201cYa lo hice la primera vez cuando sucedi\u00f3 y no se obtuvieron novedades. Ahora voy a insistir de nuevo porque quiero saber de qu\u00e9 se trata. Lo \u00fanico que s\u00e9 es que no soy el \u00fanico al que le pas\u00f3 esto en Curuz\u00fa y en la provincia\u201d<\/strong>, sostuvo.&nbsp;<\/p>\n\n\n\n<p>Al respecto, destac\u00f3: \u201cMe siento invadido y estoy enojado porque ya s\u00e9 de amigos a los que estafaron. Me siento inc\u00f3modo porque me llaman de todos lados para preguntarme si yo estoy haci\u00e9ndolo y yo no s\u00e9 qu\u00e9 m\u00e1s responder. Violaron mi intimidad\u201d, mencion\u00f3.&nbsp;<\/p>\n\n\n\n<p>Por esto, el jefe comunal y la Municipalidad de Curuz\u00fa Cuati\u00e1 piden a los vecinos y vecinas tomar recaudos para no caer en estas estafas.&nbsp;<\/p>\n","protected":false},"excerpt":{"rendered":"<p>Pide a los ciudadanos que tomen recaudos porque asegura que ya hubo casos de personas&#8230;<\/p>\n","protected":false},"author":1,"featured_media":293,"comment_status":"open","ping_status":"open","sticky":false,"template":"","format":"standard","meta":[],"categories":[1],"tags":[],"_links":{"self":[{"href":"https:\/\/neanoticias.com\/index.php\/wp-json\/wp\/v2\/posts\/292"}],"collection":[{"href":"https:\/\/neanoticias.com\/index.php\/wp-json\/wp\/v2\/posts"}],"about":[{"href":"https:\/\/neanoticias.com\/index.php\/wp-json\/wp\/v2\/types\/post"}],"author":[{"embeddable":true,"href":"https:\/\/neanoticias.com\/index.php\/wp-json\/wp\/v2\/users\/1"}],"replies":[{"embeddable":true,"href":"https:\/\/neanoticias.com\/index.php\/wp-json\/wp\/v2\/comments?post=292"}],"version-history":[{"count":1,"href":"https:\/\/neanoticias.com\/index.php\/wp-json\/wp\/v2\/posts\/292\/revisions"}],"predecessor-version":[{"id":294,"href":"https:\/\/neanoticias.com\/index.php\/wp-json\/wp\/v2\/posts\/292\/revisions\/294"}],"wp:featuredmedia":[{"embeddable":true,"href":"https:\/\/neanoticias.com\/index.php\/wp-json\/wp\/v2\/media\/293"}],"wp:attachment":[{"href":"https:\/\/neanoticias.com\/index.php\/wp-json\/wp\/v2\/media?parent=292"}],"wp:term":[{"taxonomy":"category","embeddable":true,"href":"https:\/\/neanoticias.com\/index.php\/wp-json\/wp\/v2\/categories?post=292"},{"taxonomy":"post_tag","embeddable":true,"href":"https:\/\/neanoticias.com\/index.php\/wp-json\/wp\/v2\/tags?post=292"}],"curies":[{"name":"wp","href":"https:\/\/api.w.org\/{rel}","templated":true}]}}