{"id":289,"date":"2022-10-26T14:46:16","date_gmt":"2022-10-26T14:46:16","guid":{"rendered":"https:\/\/neanoticias.com\/?p=289"},"modified":"2022-10-26T14:46:16","modified_gmt":"2022-10-26T14:46:16","slug":"espana-valdes-apuesta-a-la-elaboracion-de-alimentos-saludables-en-corrientes","status":"publish","type":"post","link":"https:\/\/neanoticias.com\/index.php\/2022\/10\/26\/espana-valdes-apuesta-a-la-elaboracion-de-alimentos-saludables-en-corrientes\/","title":{"rendered":"ESPA\u00d1A: VALD\u00c9S APUESTA A LA ELABORACI\u00d3N DE ALIMENTOS SALUDABLES EN CORRIENTES"},"content":{"rendered":"\n<p>El mandatario provincial visit\u00f3 la firma que utiliza para su labor diaria equipos de deshidrataci\u00f3n con tecnolog\u00eda de punta.\u00a0<\/p>\n\n\n\n<figure class=\"wp-block-image size-full\"><img loading=\"lazy\" width=\"770\" height=\"440\" src=\"https:\/\/neanoticias.com\/wp-content\/uploads\/2022\/10\/1666759954695.webp\" alt=\"\" class=\"wp-image-290\" srcset=\"https:\/\/neanoticias.com\/wp-content\/uploads\/2022\/10\/1666759954695.webp 770w, https:\/\/neanoticias.com\/wp-content\/uploads\/2022\/10\/1666759954695-300x171.webp 300w, https:\/\/neanoticias.com\/wp-content\/uploads\/2022\/10\/1666759954695-768x439.webp 768w\" sizes=\"(max-width: 770px) 100vw, 770px\" \/><\/figure>\n\n\n\n<p>El gobernador de Corrientes, Gustavo Vald\u00e9s recorri\u00f3 ayer las instalaciones de un centro de investigaci\u00f3n y desarrollo de alimentos beneficiosos para la salud en Granada (Espa\u00f1a), destac\u00f3 el equipamiento de alta tecnolog\u00eda que podr\u00eda ser implementado en la Provincia y el inter\u00e9s de los profesionales de vincularse al proyecto de Cannabis Medicinal que avanza en Capital.<\/p>\n\n\n\n<p>En el marco de la misi\u00f3n que est\u00e1 desarrollando Vald\u00e9s en el Viejo Continente y &nbsp;junto a la ministra de Industria, Trabajo y Comercio, Mariel Gabur, y el secretario de Ganader\u00eda y Agricultura, Norberto M\u00f3rtola, recorri\u00f3 ayer la red de laboratorios del Centro de Investigaci\u00f3n y Desarrollo de Alimentos -Cidaf-, ubicada en la misma jurisdicci\u00f3n espa\u00f1ola.<\/p>\n\n\n\n<p>\u201cRecorrimos la red de laboratorios del @Cidaf_gr, en #Granada, lugar en el que utilizan equipos de deshidrataci\u00f3n de @Irconfortsa para trabajar compuestos reactivos y nuevas fuentes proteicas con los que elaboran polvos y extractos que se pueden formular como alimentos\u201d, tuite\u00f3 Vald\u00e9s ayer en su cuenta oficial.&nbsp;<\/p>\n\n\n\n<p>\u201cPor otro lado, tambi\u00e9n trabajan con pellets de diferentes compuestos para la alimentaci\u00f3n de ganado que podr\u00edan ser sustitutos de cereales, lo cual elimina residuos y propone una soluci\u00f3n ante la situaci\u00f3n actual de los alimentos a nivel mundial&#8221;, explic\u00f3 en la misma red social.<\/p>\n\n\n\n<p>En los mismos laboratorios se lleva adelante el tratamiento de fuentes vegetales, adem\u00e1s de la creaci\u00f3n de compuestos para la alimentaci\u00f3n de ganado.<\/p>\n\n\n\n<p>Tanto \u00e9ste, como otros sistemas de trabajo -que se encuentran acompa\u00f1ados por modernos equipamientos- son analizados de manera directa por la comitiva provincial en el pa\u00eds ib\u00e9rico, con el objetivo de implementarlos en sectores productivos de Corrientes, como el yerbatero.<\/p>\n\n\n\n<p>\u201cEste tipo de tecnolog\u00eda podr\u00eda aplicarse a uno de los sectores m\u00e1s importantes de #Corrientes, como es la yerba mate. La empresa utiliza para su labor diaria equipos de deshidrataci\u00f3n con tecnolog\u00eda de punta, para la elaboraci\u00f3n de fuentes proteicas, en funci\u00f3n de la generaci\u00f3n alimentos que benefician la salud\u201d, public\u00f3 Vald\u00e9s en la misma red social.<\/p>\n\n\n\n<p>Por otra parte, como consecuencia de la visita del mandatario a las instalaciones de la firma, profesionales de la misma le expresaron el inter\u00e9s de vincularse al proyecto de Cannabis Medicinal que avanza en la zona de la escuela Eragia, en Capital.<\/p>\n\n\n\n<p>\u201cPor \u00faltimo, manifestaron su inter\u00e9s en vincularse con el proyecto de Cannabis Medicinal que estamos llevando adelante en la provincia. \u00a1Nos proyectamos al mundo!\u201d, tuite\u00f3 el gobernador.<\/p>\n\n\n\n<p>Vald\u00e9s durante su viaje se reuni\u00f3 con &nbsp;integrantes de la Secretar\u00eda de Acci\u00f3n Exterior de la Agencia Extenda, empresa p\u00fablica que pertenece al Gobierno Regional de Andaluc\u00eda, &nbsp;para fomentar la internacionalizaci\u00f3n de los productos y servicios de Corrientes.<\/p>\n\n\n\n<p>Tambi\u00e9n visit\u00f3 la Consejer\u00eda de Agricultura, Pesca, Agua y Desarrollo Rural de la Junta de Andaluc\u00eda, donde con la delegada territorial, Mar\u00eda Isabel Sol\u00eds Benjumea, el mandatario correntino hizo \u00e9nfasis en mantener una agenda que \u201cbusque el equilibrio entre la industria, la producci\u00f3n y el cuidado ambiental\u201d.<\/p>\n\n\n\n<p>El Gobernador ya pas\u00f3 por Huelva, donde recorri\u00f3 Diverfuit, una industria que elabora alimentos saludables a partir de frutos rojos.&nbsp;<\/p>\n\n\n\n<p>All\u00ed se interiorizaron sobre los procesos que lograron agregar valor a estos productos y, al respecto, Vald\u00e9s sostuvo que implementar similares acciones en Corrientes es fundamental para que \u201cpodamos seguir generando desarrollo y trabajo\u201d.<\/p>\n\n\n\n<p>Mientras que antes estuvo en Sevilla donde visitaron IR Confort SA, una empresa que fabrica sistemas de generaci\u00f3n de calor por infrarrojos lejanos. Este es un moderno m\u00e9todo para deshidratar alimentos a bajos costos energ\u00e9ticos.<\/p>\n\n\n\n<p>\u201cIncorporando nuevas tecnolog\u00edas, buscamos abrir mercados y canales de comercializaci\u00f3n para nuestra producci\u00f3n\u201d, dijo el mandatario provincial a modo de s\u00edntesis sobre el objetivo de la misi\u00f3n que lleva adelante en Espa\u00f1a.<\/p>\n\n\n\n<p>Agenda<\/p>\n\n\n\n<p>De acuerdo a la agenda anunciada por Vald\u00e9s, restar\u00eda todav\u00eda reuniones y recorridas en Madrid y Tenerife.<\/p>\n\n\n\n<p>Mientras que se alista la participaci\u00f3n del gobernador de la Provincia en el acto que se realizar\u00e1 el s\u00e1bado pr\u00f3ximo para celebrar los 39 a\u00f1os del triunfo electoral de Ra\u00fal Alfons\u00edn.<\/p>\n\n\n\n<p>El c\u00f3nclave est\u00e1 organizado por el Comit\u00e9 Nacional de la Uni\u00f3n C\u00edvica Radical y est\u00e1 previsto para las 11 en Costa Salguero.<\/p>\n","protected":false},"excerpt":{"rendered":"<p>El mandatario provincial visit\u00f3 la firma que utiliza para su labor diaria equipos de deshidrataci\u00f3n&#8230;<\/p>\n","protected":false},"author":1,"featured_media":290,"comment_status":"open","ping_status":"open","sticky":false,"template":"","format":"standard","meta":[],"categories":[1],"tags":[],"_links":{"self":[{"href":"https:\/\/neanoticias.com\/index.php\/wp-json\/wp\/v2\/posts\/289"}],"collection":[{"href":"https:\/\/neanoticias.com\/index.php\/wp-json\/wp\/v2\/posts"}],"about":[{"href":"https:\/\/neanoticias.com\/index.php\/wp-json\/wp\/v2\/types\/post"}],"author":[{"embeddable":true,"href":"https:\/\/neanoticias.com\/index.php\/wp-json\/wp\/v2\/users\/1"}],"replies":[{"embeddable":true,"href":"https:\/\/neanoticias.com\/index.php\/wp-json\/wp\/v2\/comments?post=289"}],"version-history":[{"count":1,"href":"https:\/\/neanoticias.com\/index.php\/wp-json\/wp\/v2\/posts\/289\/revisions"}],"predecessor-version":[{"id":291,"href":"https:\/\/neanoticias.com\/index.php\/wp-json\/wp\/v2\/posts\/289\/revisions\/291"}],"wp:featuredmedia":[{"embeddable":true,"href":"https:\/\/neanoticias.com\/index.php\/wp-json\/wp\/v2\/media\/290"}],"wp:attachment":[{"href":"https:\/\/neanoticias.com\/index.php\/wp-json\/wp\/v2\/media?parent=289"}],"wp:term":[{"taxonomy":"category","embeddable":true,"href":"https:\/\/neanoticias.com\/index.php\/wp-json\/wp\/v2\/categories?post=289"},{"taxonomy":"post_tag","embeddable":true,"href":"https:\/\/neanoticias.com\/index.php\/wp-json\/wp\/v2\/tags?post=289"}],"curies":[{"name":"wp","href":"https:\/\/api.w.org\/{rel}","templated":true}]}}