{"id":286,"date":"2022-10-26T14:43:44","date_gmt":"2022-10-26T14:43:44","guid":{"rendered":"https:\/\/neanoticias.com\/?p=286"},"modified":"2022-10-26T14:43:44","modified_gmt":"2022-10-26T14:43:44","slug":"detienen-a-un-comisario-y-buscan-a-otro-policia-por-un-millonario-robo","status":"publish","type":"post","link":"https:\/\/neanoticias.com\/index.php\/2022\/10\/26\/detienen-a-un-comisario-y-buscan-a-otro-policia-por-un-millonario-robo\/","title":{"rendered":"DETIENEN A UN COMISARIO Y BUSCAN A OTRO POLIC\u00cdA POR UN MILLONARIO ROBO"},"content":{"rendered":"\n<p>El comisario J. O. A., conocido con el seud\u00f3nimo de \u201cAvatar\u201d, fue puesto a disposici\u00f3n de la Justicia y en las pr\u00f3ximas horas ser\u00e1 indagado.\u00a0<\/p>\n\n\n\n<figure class=\"wp-block-image size-full\"><img loading=\"lazy\" width=\"770\" height=\"440\" src=\"https:\/\/neanoticias.com\/wp-content\/uploads\/2022\/10\/1666755399845.webp\" alt=\"\" class=\"wp-image-287\" srcset=\"https:\/\/neanoticias.com\/wp-content\/uploads\/2022\/10\/1666755399845.webp 770w, https:\/\/neanoticias.com\/wp-content\/uploads\/2022\/10\/1666755399845-300x171.webp 300w, https:\/\/neanoticias.com\/wp-content\/uploads\/2022\/10\/1666755399845-768x439.webp 768w\" sizes=\"(max-width: 770px) 100vw, 770px\" \/><\/figure>\n\n\n\n<p>Por requerimiento de la jueza de Instrucci\u00f3n, Correccional y de Menores &nbsp;de Saladas, Dra. Mar\u00eda del Carmen Mareco, detuvieron ayer a un comisario de la Polic\u00eda de Corrientes acusado de haber participado de un asalto en el que robaron m\u00e1s de un mill\u00f3n y medio de pesos. En tanto que buscan dar con la identidad de otro efectivo que tambi\u00e9n ser\u00eda parte de la banda de delincuentes.<\/p>\n\n\n\n<p>Se trata de un asalto que fue cometido en el departamento de Empedrado, en agosto, sobre la Ruta Nacional N\u00b0 12, a la altura de Derqui, cuando personas disfrazadas de polic\u00edas y simulando un control policial se apoderaron del efectivo que transportaba un hombre en una camioneta.<\/p>\n\n\n\n<p>\u201cLa detenci\u00f3n la orden\u00f3 la Justicia y por ende no tenemos muchos datos. Fue el Juzgado de Instrucci\u00f3n y Correccional de Menores de Saladas en el marco de una causa que ellos est\u00e1n investigando\u201d, confirm\u00f3 a El Litoral la Direcci\u00f3n de Relaciones Institucionales de la Polic\u00eda de Corrientes.&nbsp;<\/p>\n\n\n\n<p>\u201cSe cree que es por un hecho delictivo, pero no tenemos m\u00e1s informaci\u00f3n porque se encarga la Justicia y fue la que orden\u00f3 la detenci\u00f3n&#8221;\u201d agregaron.&nbsp;<\/p>\n\n\n\n<p>De acuerdo a la denuncia, los ocupantes de una camioneta Toyota Hilux viajaban desde Corrientes hacia Paso de los Libres.&nbsp;<\/p>\n\n\n\n<p>A la altura de El Sombrero observaron a un grupo de 6 personas en la banquina, quienes los interceptaron, los hicieron parar y bajar del veh\u00edculo.<\/p>\n\n\n\n<p>Apuntando con armas de fuego, los maniataron e hicieron subir a la cajuela. All\u00ed los condujeron hasta Derqui, donde dejaron estacionada la camioneta. Los delincuentes huyeron hacia el sur de la provincia.&nbsp;<\/p>\n\n\n\n<p>Los ocupantes de la Toyota permanecieron alrededor de dos horas hasta que un camionero llam\u00f3 a la polic\u00eda.<\/p>\n\n\n\n<p>La jueza de Saladas considera que fue planificado &nbsp;el robo de un mill\u00f3n y medio de pesos, con los que iban a comprar d\u00f3lares.&nbsp;<\/p>\n\n\n\n<p>La Justicia orden\u00f3 la detenci\u00f3n del comisario J. O. A., conocido con el seud\u00f3nimo de \u201cAvatar\u201d.<\/p>\n\n\n\n<p>Fuentes allegadas a la investigaci\u00f3n aseguran que buscan a otro polic\u00eda involucrado. Estiman que el funcionario es instructor policial y personal, trabaj\u00f3 como instructor de buceo y adem\u00e1s habr\u00eda sido estudiante universitario de Derecho.&nbsp;<\/p>\n","protected":false},"excerpt":{"rendered":"<p>El comisario J. O. A., conocido con el seud\u00f3nimo de \u201cAvatar\u201d, fue puesto a disposici\u00f3n&#8230;<\/p>\n","protected":false},"author":1,"featured_media":287,"comment_status":"open","ping_status":"open","sticky":false,"template":"","format":"standard","meta":[],"categories":[1],"tags":[],"_links":{"self":[{"href":"https:\/\/neanoticias.com\/index.php\/wp-json\/wp\/v2\/posts\/286"}],"collection":[{"href":"https:\/\/neanoticias.com\/index.php\/wp-json\/wp\/v2\/posts"}],"about":[{"href":"https:\/\/neanoticias.com\/index.php\/wp-json\/wp\/v2\/types\/post"}],"author":[{"embeddable":true,"href":"https:\/\/neanoticias.com\/index.php\/wp-json\/wp\/v2\/users\/1"}],"replies":[{"embeddable":true,"href":"https:\/\/neanoticias.com\/index.php\/wp-json\/wp\/v2\/comments?post=286"}],"version-history":[{"count":1,"href":"https:\/\/neanoticias.com\/index.php\/wp-json\/wp\/v2\/posts\/286\/revisions"}],"predecessor-version":[{"id":288,"href":"https:\/\/neanoticias.com\/index.php\/wp-json\/wp\/v2\/posts\/286\/revisions\/288"}],"wp:featuredmedia":[{"embeddable":true,"href":"https:\/\/neanoticias.com\/index.php\/wp-json\/wp\/v2\/media\/287"}],"wp:attachment":[{"href":"https:\/\/neanoticias.com\/index.php\/wp-json\/wp\/v2\/media?parent=286"}],"wp:term":[{"taxonomy":"category","embeddable":true,"href":"https:\/\/neanoticias.com\/index.php\/wp-json\/wp\/v2\/categories?post=286"},{"taxonomy":"post_tag","embeddable":true,"href":"https:\/\/neanoticias.com\/index.php\/wp-json\/wp\/v2\/tags?post=286"}],"curies":[{"name":"wp","href":"https:\/\/api.w.org\/{rel}","templated":true}]}}