{"id":26,"date":"2022-08-22T23:11:01","date_gmt":"2022-08-22T23:11:01","guid":{"rendered":"https:\/\/neanoticias.com\/?p=26"},"modified":"2022-08-22T23:11:35","modified_gmt":"2022-08-22T23:11:35","slug":"aparecio-sano-y-salvo-el-hombre-que-era-buscado-desde-hace-varios-dias-en-corrientes","status":"publish","type":"post","link":"https:\/\/neanoticias.com\/index.php\/2022\/08\/22\/aparecio-sano-y-salvo-el-hombre-que-era-buscado-desde-hace-varios-dias-en-corrientes\/","title":{"rendered":"Apareci\u00f3 sano y salvo el hombre que era buscado desde hace varios d\u00edas en Corrientes"},"content":{"rendered":"\n<p>En horas del mediod\u00eda apareci\u00f3 sano y salvo Dar\u00edo Molina, el hombre de 38 a\u00f1os que estaba desaparecido desde el lunes pasado, lo que provoc\u00f3 la obvia desesperaci\u00f3n de sus familiares. Ante sede policial, Molina se present\u00f3 junto al doctor Hermindo Gonz\u00e1lez, quien asumi\u00f3 su representaci\u00f3n por pedido de la familia.\u00a0<\/p>\n\n\n\n<figure class=\"wp-block-image size-full\"><img loading=\"lazy\" width=\"800\" height=\"458\" src=\"https:\/\/neanoticias.com\/wp-content\/uploads\/2022\/08\/image-3.png\" alt=\"\" class=\"wp-image-27\" srcset=\"https:\/\/neanoticias.com\/wp-content\/uploads\/2022\/08\/image-3.png 800w, https:\/\/neanoticias.com\/wp-content\/uploads\/2022\/08\/image-3-300x172.png 300w, https:\/\/neanoticias.com\/wp-content\/uploads\/2022\/08\/image-3-768x440.png 768w\" sizes=\"(max-width: 800px) 100vw, 800px\" \/><\/figure>\n\n\n\n<p>En di\u00e1logo con la redacci\u00f3n de Radio Dos, el doctor Hermindo Gonz\u00e1lez precis\u00f3 que &#8220;Dar\u00edo estaba en la casa de un amigo en el barrio Popular, en principio en buen estado de salud&#8221;<\/p>\n\n\n\n<p>&#8220;Para preservar su salud f\u00edsica y ps\u00edquica en principio no se le realiz\u00f3 un interrogatorio, y se busc\u00f3 desde un principio cuidar por su vida&#8221;, dijo<\/p>\n\n\n\n<p>Molina se present\u00f3 en la Comisar\u00eda Segunda y en horas del mediod\u00eda pas\u00f3 por un exhaustivo examen para conocer su estado en general.<\/p>\n\n\n\n<p>&#8220;Hoy saludamos que Dar\u00edo est\u00e1 sano y salvo y con los suyos, pero la realidad es que todo se activ\u00f3 luego de la manifestaci\u00f3n que realiz\u00f3 ayer su familia en Alberdi y Teniente Ib\u00e1\u00f1ez. Se present\u00f3 all\u00ed una Fiscal y el propio Jefe de la Polic\u00eda. A ellos les agradec\u00ed la intervenci\u00f3n, pero tambi\u00e9n les hice saber que si \u00e9ste mecanismo de articulaci\u00f3n del trabajo se hac\u00eda antes, Dar\u00edo iba a estar antes con los suyos&#8221;, expres\u00f3 el abogado.<\/p>\n","protected":false},"excerpt":{"rendered":"<p>En horas del mediod\u00eda apareci\u00f3 sano y salvo Dar\u00edo Molina, el hombre de 38 a\u00f1os que estaba desaparecido desde el lunes pasado, lo que provoc\u00f3 la obvia desesperaci\u00f3n de sus familiares. Ante sede policial, Molina se present\u00f3 junto al doctor Hermindo Gonz\u00e1lez, quien asumi\u00f3 su representaci\u00f3n por pedido de la familia. <\/p>\n","protected":false},"author":1,"featured_media":27,"comment_status":"open","ping_status":"open","sticky":false,"template":"","format":"standard","meta":[],"categories":[3],"tags":[],"_links":{"self":[{"href":"https:\/\/neanoticias.com\/index.php\/wp-json\/wp\/v2\/posts\/26"}],"collection":[{"href":"https:\/\/neanoticias.com\/index.php\/wp-json\/wp\/v2\/posts"}],"about":[{"href":"https:\/\/neanoticias.com\/index.php\/wp-json\/wp\/v2\/types\/post"}],"author":[{"embeddable":true,"href":"https:\/\/neanoticias.com\/index.php\/wp-json\/wp\/v2\/users\/1"}],"replies":[{"embeddable":true,"href":"https:\/\/neanoticias.com\/index.php\/wp-json\/wp\/v2\/comments?post=26"}],"version-history":[{"count":2,"href":"https:\/\/neanoticias.com\/index.php\/wp-json\/wp\/v2\/posts\/26\/revisions"}],"predecessor-version":[{"id":29,"href":"https:\/\/neanoticias.com\/index.php\/wp-json\/wp\/v2\/posts\/26\/revisions\/29"}],"wp:featuredmedia":[{"embeddable":true,"href":"https:\/\/neanoticias.com\/index.php\/wp-json\/wp\/v2\/media\/27"}],"wp:attachment":[{"href":"https:\/\/neanoticias.com\/index.php\/wp-json\/wp\/v2\/media?parent=26"}],"wp:term":[{"taxonomy":"category","embeddable":true,"href":"https:\/\/neanoticias.com\/index.php\/wp-json\/wp\/v2\/categories?post=26"},{"taxonomy":"post_tag","embeddable":true,"href":"https:\/\/neanoticias.com\/index.php\/wp-json\/wp\/v2\/tags?post=26"}],"curies":[{"name":"wp","href":"https:\/\/api.w.org\/{rel}","templated":true}]}}