{"id":254,"date":"2022-10-19T14:15:28","date_gmt":"2022-10-19T14:15:28","guid":{"rendered":"https:\/\/neanoticias.com\/?p=254"},"modified":"2022-10-19T14:15:30","modified_gmt":"2022-10-19T14:15:30","slug":"fiesta-del-chamame-2023-confirmaron-la-fecha-y-se-abre-la-convocatoria-a-los-artistas","status":"publish","type":"post","link":"https:\/\/neanoticias.com\/index.php\/2022\/10\/19\/fiesta-del-chamame-2023-confirmaron-la-fecha-y-se-abre-la-convocatoria-a-los-artistas\/","title":{"rendered":"FIESTA DEL CHAMAM\u00c9 2023: CONFIRMARON LA FECHA Y SE ABRE LA CONVOCATORIA A LOS ARTISTAS"},"content":{"rendered":"\n<p>Como en ediciones anteriores, el repertorio propuesto por los artistas deber\u00e1 incluir un &#8220;tema in\u00e9dito&#8221; y\/o un &#8220;tema de rescate&#8221;, es decir, un tema que ya no se escuche por los medios o en festivales, con la idea de su conservaci\u00f3n patrimonial.\u00a0<\/p>\n\n\n\n<figure class=\"wp-block-image size-full\"><img loading=\"lazy\" width=\"770\" height=\"510\" src=\"https:\/\/neanoticias.com\/wp-content\/uploads\/2022\/10\/35098w770h510c.jpg.webp\" alt=\"\" class=\"wp-image-255\" srcset=\"https:\/\/neanoticias.com\/wp-content\/uploads\/2022\/10\/35098w770h510c.jpg.webp 770w, https:\/\/neanoticias.com\/wp-content\/uploads\/2022\/10\/35098w770h510c.jpg-300x199.webp 300w, https:\/\/neanoticias.com\/wp-content\/uploads\/2022\/10\/35098w770h510c.jpg-768x509.webp 768w\" sizes=\"(max-width: 770px) 100vw, 770px\" \/><\/figure>\n\n\n\n<p>El Instituto de Cultura de Corrientes abre la convocatoria para la recepci\u00f3n de propuestas musicales, de cara a la 32\u00aa Fiesta Nacional del Chamam\u00e9, 18\u00aa Fiesta del Chamam\u00e9 del MERCOSUR y 2\u00aa Celebraci\u00f3n Mundial, a desarrollarse del 13 al 22 de enero de 2023, en Corrientes, el pa\u00eds y en cada rinc\u00f3n que comparta la identidad chamamecera y se sume a esta gran fiesta popular.<\/p>\n\n\n\n<p>La Direcci\u00f3n de las Artes Esc\u00e9nicas, M\u00fasica y Artes Audiovisuales, del Instituto de Cultura de la Provincia de Corrientes, informa que hasta el 4 de noviembre se recibir\u00e1n propuestas para integrar la programaci\u00f3n musical de la 32\u00aa Fiesta Nacional del Chamam\u00e9, 18\u00aa Fiesta del Chamam\u00e9 del MERCOSUR y 2\u00aa Celebraci\u00f3n Mundial.<\/p>\n\n\n\n<p>A fin de informarse y proponer su proyecto, los artistas deber\u00e1n acceder al&nbsp;<a href=\"https:\/\/docs.google.com\/forms\/d\/e\/1FAIpQLSdK2TP47DuSS3y_L63K230fRWKBzH99KWudvwSUCWz1xhvwbQ\/viewform?usp=send_form\">link oficial<\/a>.<\/p>\n\n\n\n<p>Como en ediciones anteriores, el repertorio propuesto por los artistas deber\u00e1 incluir un &#8220;tema in\u00e9dito&#8221; y\/o un &#8220;tema de rescate&#8221;, es decir, un tema que ya no se escuche por los medios o en festivales, con la idea de su conservaci\u00f3n patrimonial.&nbsp;<\/p>\n\n\n\n<p>Adem\u00e1s, quienes resulten invitados a presentarse en el m\u00edtico escenario Osvaldo Sosa Cordero del anfiteatro Mario del Tr\u00e1nsito Cocomarola, realizar\u00e1n una participaci\u00f3n aceptando el marco de ambientaci\u00f3n escenogr\u00e1fica y audiovisual dise\u00f1ada por el Instituto de Cultura.&nbsp;<\/p>\n\n\n\n<p>Asimismo, el artista seleccionado se compromete a realizar dentro de sus posibilidades, s\u00f3lo o con parte de su elenco, una o m\u00e1s intervenciones, en lugares de acceso gratuito que integren la programaci\u00f3n general de la Fiesta.<\/p>\n","protected":false},"excerpt":{"rendered":"<p>Como en ediciones anteriores, el repertorio propuesto por los artistas deber\u00e1 incluir un &#8220;tema in\u00e9dito&#8221;&#8230;<\/p>\n","protected":false},"author":1,"featured_media":255,"comment_status":"open","ping_status":"open","sticky":false,"template":"","format":"standard","meta":[],"categories":[1],"tags":[],"_links":{"self":[{"href":"https:\/\/neanoticias.com\/index.php\/wp-json\/wp\/v2\/posts\/254"}],"collection":[{"href":"https:\/\/neanoticias.com\/index.php\/wp-json\/wp\/v2\/posts"}],"about":[{"href":"https:\/\/neanoticias.com\/index.php\/wp-json\/wp\/v2\/types\/post"}],"author":[{"embeddable":true,"href":"https:\/\/neanoticias.com\/index.php\/wp-json\/wp\/v2\/users\/1"}],"replies":[{"embeddable":true,"href":"https:\/\/neanoticias.com\/index.php\/wp-json\/wp\/v2\/comments?post=254"}],"version-history":[{"count":1,"href":"https:\/\/neanoticias.com\/index.php\/wp-json\/wp\/v2\/posts\/254\/revisions"}],"predecessor-version":[{"id":256,"href":"https:\/\/neanoticias.com\/index.php\/wp-json\/wp\/v2\/posts\/254\/revisions\/256"}],"wp:featuredmedia":[{"embeddable":true,"href":"https:\/\/neanoticias.com\/index.php\/wp-json\/wp\/v2\/media\/255"}],"wp:attachment":[{"href":"https:\/\/neanoticias.com\/index.php\/wp-json\/wp\/v2\/media?parent=254"}],"wp:term":[{"taxonomy":"category","embeddable":true,"href":"https:\/\/neanoticias.com\/index.php\/wp-json\/wp\/v2\/categories?post=254"},{"taxonomy":"post_tag","embeddable":true,"href":"https:\/\/neanoticias.com\/index.php\/wp-json\/wp\/v2\/tags?post=254"}],"curies":[{"name":"wp","href":"https:\/\/api.w.org\/{rel}","templated":true}]}}