{"id":250,"date":"2022-10-13T14:31:37","date_gmt":"2022-10-13T14:31:37","guid":{"rendered":"https:\/\/neanoticias.com\/?p=250"},"modified":"2022-10-13T14:31:38","modified_gmt":"2022-10-13T14:31:38","slug":"valdes-anuncio-el-pago-del-plus-de-refuerzo","status":"publish","type":"post","link":"https:\/\/neanoticias.com\/index.php\/2022\/10\/13\/valdes-anuncio-el-pago-del-plus-de-refuerzo\/","title":{"rendered":"VALD\u00c9S ANUNCI\u00d3 EL PAGO DEL PLUS DE REFUERZO"},"content":{"rendered":"\n<p>Arranca el lunes 17 de octubre, y ya estar\u00e1 disponible en cajeros desde este s\u00e1bado 15.<\/p>\n\n\n\n<figure class=\"wp-container-2 wp-block-gallery-1 wp-block-gallery has-nested-images columns-default is-cropped\">\n<figure class=\"wp-block-image size-large\"><img loading=\"lazy\" width=\"591\" height=\"434\" data-id=\"252\"  src=\"https:\/\/neanoticias.com\/wp-content\/uploads\/2022\/10\/2022-10-13-11_30_26-Window.jpg\" alt=\"\" class=\"wp-image-252\" srcset=\"https:\/\/neanoticias.com\/wp-content\/uploads\/2022\/10\/2022-10-13-11_30_26-Window.jpg 591w, https:\/\/neanoticias.com\/wp-content\/uploads\/2022\/10\/2022-10-13-11_30_26-Window-300x220.jpg 300w\" sizes=\"(max-width: 591px) 100vw, 591px\" \/><\/figure>\n<\/figure>\n\n\n\n<p>El gobernador Gustavo Vald\u00e9s anunci\u00f3 v\u00eda Twitter el pago del plus de refuerzo que comienza el lunes 17 de octubre para DNI terminados en 0 y 1. No obstante, ya estar\u00e1 disponible en los cajeros el s\u00e1bado 15 de octubre.\u00a0<\/p>\n","protected":false},"excerpt":{"rendered":"<p>Arranca el lunes 17 de octubre, y ya estar\u00e1 disponible en cajeros desde este s\u00e1bado&#8230;<\/p>\n","protected":false},"author":1,"featured_media":252,"comment_status":"open","ping_status":"open","sticky":false,"template":"","format":"standard","meta":[],"categories":[1],"tags":[],"_links":{"self":[{"href":"https:\/\/neanoticias.com\/index.php\/wp-json\/wp\/v2\/posts\/250"}],"collection":[{"href":"https:\/\/neanoticias.com\/index.php\/wp-json\/wp\/v2\/posts"}],"about":[{"href":"https:\/\/neanoticias.com\/index.php\/wp-json\/wp\/v2\/types\/post"}],"author":[{"embeddable":true,"href":"https:\/\/neanoticias.com\/index.php\/wp-json\/wp\/v2\/users\/1"}],"replies":[{"embeddable":true,"href":"https:\/\/neanoticias.com\/index.php\/wp-json\/wp\/v2\/comments?post=250"}],"version-history":[{"count":1,"href":"https:\/\/neanoticias.com\/index.php\/wp-json\/wp\/v2\/posts\/250\/revisions"}],"predecessor-version":[{"id":253,"href":"https:\/\/neanoticias.com\/index.php\/wp-json\/wp\/v2\/posts\/250\/revisions\/253"}],"wp:featuredmedia":[{"embeddable":true,"href":"https:\/\/neanoticias.com\/index.php\/wp-json\/wp\/v2\/media\/252"}],"wp:attachment":[{"href":"https:\/\/neanoticias.com\/index.php\/wp-json\/wp\/v2\/media?parent=250"}],"wp:term":[{"taxonomy":"category","embeddable":true,"href":"https:\/\/neanoticias.com\/index.php\/wp-json\/wp\/v2\/categories?post=250"},{"taxonomy":"post_tag","embeddable":true,"href":"https:\/\/neanoticias.com\/index.php\/wp-json\/wp\/v2\/tags?post=250"}],"curies":[{"name":"wp","href":"https:\/\/api.w.org\/{rel}","templated":true}]}}