{"id":241,"date":"2022-10-13T14:25:22","date_gmt":"2022-10-13T14:25:22","guid":{"rendered":"https:\/\/neanoticias.com\/?p=241"},"modified":"2022-10-13T14:25:24","modified_gmt":"2022-10-13T14:25:24","slug":"cementerios-preparan-dispositivo-especial-por-el-dia-de-la-madre","status":"publish","type":"post","link":"https:\/\/neanoticias.com\/index.php\/2022\/10\/13\/cementerios-preparan-dispositivo-especial-por-el-dia-de-la-madre\/","title":{"rendered":"CEMENTERIOS: PREPARAN DISPOSITIVO ESPECIAL POR EL D\u00cdA DE LA MADRE"},"content":{"rendered":"\n<p>Con fines organizativos, los interesados en realizar visitas entre este jueves 13 y el martes 18 de octubre deber\u00e1n registrarse en la p\u00e1gina municipal https:\/\/sistemas.ciudaddecorrientes.gov.ar\/turnos. Los camposantos estar\u00e1n abiertos en el horario habitual, de 8 a 18.<\/p>\n\n\n\n<figure class=\"wp-block-image size-full\"><img loading=\"lazy\" width=\"1000\" height=\"756\" src=\"https:\/\/neanoticias.com\/wp-content\/uploads\/2022\/10\/Thumb_T9A0583.jpg\" alt=\"\" class=\"wp-image-242\" srcset=\"https:\/\/neanoticias.com\/wp-content\/uploads\/2022\/10\/Thumb_T9A0583.jpg 1000w, https:\/\/neanoticias.com\/wp-content\/uploads\/2022\/10\/Thumb_T9A0583-300x227.jpg 300w, https:\/\/neanoticias.com\/wp-content\/uploads\/2022\/10\/Thumb_T9A0583-768x581.jpg 768w\" sizes=\"(max-width: 1000px) 100vw, 1000px\" \/><\/figure>\n\n\n\n<p>La Municipalidad de Corrientes otorgar\u00e1 turnos para visitas a los cementerios San Juan Bautista del barrio Virgen de los Dolores y San Isidro Labrador de Laguna Brava, entre hoy y el martes 18 de octubre, con motivo de la celebraci\u00f3n del D\u00eda de la Madre.<\/p>\n\n\n\n<p>Los interesados en concurrir a los camposantos municipales en estas fechas deber\u00e1n ingresar a la p\u00e1gina https:\/\/sistemas.ciudaddecorrientes.gov.ar\/turnos. Las visitas podr\u00e1n realizarse en el horario de 8 a 18.<\/p>\n\n\n\n<p>La Direcci\u00f3n General de Defunciones municipal comunic\u00f3 que los turnos se otorgar\u00e1n s\u00f3lo con fines organizativos. Aquellas personas que por un motivo u otro no registren en la p\u00e1gina mencionada sus visitas, podr\u00e1n hacerlo presencialmente en los accesos a todos los cementerios.<\/p>\n\n\n\n<h2>Misa conmemorativa<\/h2>\n\n\n\n<p>El s\u00e1bado 15 de octubre a las 10:30 se realizar\u00e1 en el cementerio San Juan Bautista una misa conmemorativa por el D\u00eda de la Madre. Estar\u00e1 a cargo del padre Mart\u00edn Mar\u00eda Manevy Puccio y se llevar\u00e1 adelante en la calle principal del camposanto porque la capilla se encuentra en refacci\u00f3n.<\/p>\n\n\n\n<h2>Lucha contra el dengue<\/h2>\n\n\n\n<p>La Municipalidad recomienda a los visitantes llenar los floreros con arena h\u00fameda a efectos de colaborar en la lucha contra el dengue, ya que el mosquito transmisor de esta enfermedad (Aedes aegypti) utiliza el agua limpia para depositar sus larvas y reproducirse.<\/p>\n\n\n\n<p>Como no existen vacunas que prevengan el dengue ni medicamentos que lo curen, la medida m\u00e1s importante de prevenci\u00f3n es la eliminaci\u00f3n de todos los criaderos de mosquitos, es decir de todos los recipientes que contienen agua tanto en el interior de las casas como en sus alrededores.<\/p>\n\n\n\n<p>Muchos de los recipientes en los que se cr\u00eda el mosquito no son de utilidad (latas, botellas, neum\u00e1ticos, trozos de pl\u00e1stico y lona, bidones cortados). Estos deben ser eliminados.<\/p>\n\n\n\n<h2>Operativos<\/h2>\n\n\n\n<p>Durante las fechas mencionadas, la Comuna capitalina desplegar\u00e1 en los cementerios municipales un importante operativo del que participar\u00e1n diferentes \u00e1reas con presencia de personal de la Secretar\u00eda de Salud, Guardia Urbana y Tr\u00e1nsito para evitar congestiones de veh\u00edculos en los accesos y salidas.<\/p>\n","protected":false},"excerpt":{"rendered":"<p>Con fines organizativos, los interesados en realizar visitas entre este jueves 13 y el martes&#8230;<\/p>\n","protected":false},"author":1,"featured_media":0,"comment_status":"open","ping_status":"open","sticky":false,"template":"","format":"standard","meta":[],"categories":[1],"tags":[],"_links":{"self":[{"href":"https:\/\/neanoticias.com\/index.php\/wp-json\/wp\/v2\/posts\/241"}],"collection":[{"href":"https:\/\/neanoticias.com\/index.php\/wp-json\/wp\/v2\/posts"}],"about":[{"href":"https:\/\/neanoticias.com\/index.php\/wp-json\/wp\/v2\/types\/post"}],"author":[{"embeddable":true,"href":"https:\/\/neanoticias.com\/index.php\/wp-json\/wp\/v2\/users\/1"}],"replies":[{"embeddable":true,"href":"https:\/\/neanoticias.com\/index.php\/wp-json\/wp\/v2\/comments?post=241"}],"version-history":[{"count":1,"href":"https:\/\/neanoticias.com\/index.php\/wp-json\/wp\/v2\/posts\/241\/revisions"}],"predecessor-version":[{"id":243,"href":"https:\/\/neanoticias.com\/index.php\/wp-json\/wp\/v2\/posts\/241\/revisions\/243"}],"wp:attachment":[{"href":"https:\/\/neanoticias.com\/index.php\/wp-json\/wp\/v2\/media?parent=241"}],"wp:term":[{"taxonomy":"category","embeddable":true,"href":"https:\/\/neanoticias.com\/index.php\/wp-json\/wp\/v2\/categories?post=241"},{"taxonomy":"post_tag","embeddable":true,"href":"https:\/\/neanoticias.com\/index.php\/wp-json\/wp\/v2\/tags?post=241"}],"curies":[{"name":"wp","href":"https:\/\/api.w.org\/{rel}","templated":true}]}}