{"id":231,"date":"2022-10-03T16:09:12","date_gmt":"2022-10-03T16:09:12","guid":{"rendered":"https:\/\/neanoticias.com\/?p=231"},"modified":"2022-10-03T16:09:14","modified_gmt":"2022-10-03T16:09:14","slug":"en-el-mes-de-la-discapacidad-lamunicipalidad-alista-la-peatonal-inclusiva","status":"publish","type":"post","link":"https:\/\/neanoticias.com\/index.php\/2022\/10\/03\/en-el-mes-de-la-discapacidad-lamunicipalidad-alista-la-peatonal-inclusiva\/","title":{"rendered":"EN EL MES DE LA DISCAPACIDAD, LAMUNICIPALIDAD ALISTA LA \u201cPEATONAL INCLUSIVA\u201d"},"content":{"rendered":"\n<p><em>En las plazas Cabral y Vera, como as\u00ed tambi\u00e9n en todo el tramo de la calle Jun\u00edn, desde San Lorenzo hasta San Juan, el 6 de octubre, de 8 a 13, se desarrollar\u00e1n diversas actividades, con estands informativos, m\u00fasica, baile y deportes. Con la participaci\u00f3n del Ministerio de Educaci\u00f3n de la Provincia y de la UNNE, entre otras, el evento reunir\u00e1 a todas las instituciones de la ciudad.<\/em><\/p>\n\n\n\n<figure class=\"wp-block-image size-large\"><img loading=\"lazy\" width=\"1024\" height=\"576\" src=\"https:\/\/neanoticias.com\/wp-content\/uploads\/2022\/10\/7e1743d3-8d31-3316-207a-1cee38c34153-1024x576.jpg\" alt=\"\" class=\"wp-image-232\" srcset=\"https:\/\/neanoticias.com\/wp-content\/uploads\/2022\/10\/7e1743d3-8d31-3316-207a-1cee38c34153-1024x576.jpg 1024w, https:\/\/neanoticias.com\/wp-content\/uploads\/2022\/10\/7e1743d3-8d31-3316-207a-1cee38c34153-300x169.jpg 300w, https:\/\/neanoticias.com\/wp-content\/uploads\/2022\/10\/7e1743d3-8d31-3316-207a-1cee38c34153-768x432.jpg 768w, https:\/\/neanoticias.com\/wp-content\/uploads\/2022\/10\/7e1743d3-8d31-3316-207a-1cee38c34153-1536x864.jpg 1536w, https:\/\/neanoticias.com\/wp-content\/uploads\/2022\/10\/7e1743d3-8d31-3316-207a-1cee38c34153.jpg 1920w\" sizes=\"(max-width: 1024px) 100vw, 1024px\" \/><\/figure>\n\n\n\n<p>El jueves 6 de octubre, la Municipalidad de Corrientes llevar\u00e1 a cabo la \u201cPeatonal Inclusiva\u201d, una jornada que se enmarca en el Mes de la Discapacidad y para la cual se espera una gran convocatoria.<br>El tradicional paseo de la calle Jun\u00edn, en el trayecto que va desde la plaza Cabral hasta la plaza Vera, servir\u00e1 como escenario para el desarrollo de diversas actividades que tendr\u00e1n lugar entre las 8 y las 13, todas ellas en forma simult\u00e1nea. En el recorrido entre ambas plazas se dispondr\u00e1 en la oportunidad de estands informativos, muestras de trabajos de estudiantes y talleres, mientras que los vecinos podr\u00e1n acceder a instrucci\u00f3n sobre el sistema Braille y lengua de se\u00f1as argentinas, siempre con el objetivo de fomentar la inclusi\u00f3n de las personas con discapacidad en la sociedad, haciendo de Corrientes una ciudad m\u00e1s amigable y de oportunidades.<br>Adem\u00e1s, en las plazas Vera y Cabral se instaurar\u00e1n espacios destinados para presentaciones art\u00edsticas, baile, n\u00fameros musicales y actividades deportivas adaptadas.<br>El titular del Consejo Municipal para Personas con Discapacidad, Marcelo Robledo, se refiri\u00f3 a los preparativos para lo que ser\u00e1 \u201cPeatonal Inclusiva\u201d, un evento con el que, seg\u00fan destac\u00f3, se busca \u201cgenerar conciencia y aprendizaje\u201d.<br>\u201cPrevemos una verdadera jornada de concientizaci\u00f3n. La \u2018Peatonal Inclusiva\u2019 va a iniciar en la plaza Cabral, con un acto central y diversas actividades que se van a desarrollar en todo el trayecto, sobre la calle Jun\u00edn, hasta llegar a la plaza Vera\u201d, detall\u00f3 Robledo, quien al respecto agreg\u00f3 que, adem\u00e1s, se prev\u00e9 la realizaci\u00f3n de deportes adaptados como f\u00fatbol para ciegos, carreras en sillas de ruedas especiales, b\u00e1squet y tenis de mesa, entre otras actividades l\u00fadicas y recreativas.<br>\u00a0<br>UNA JORNADA INCLUSIVA<br>En el mismo sentido, el funcionario explic\u00f3 que est\u00e1 prevista la instalaci\u00f3n de estands informativos para los vecinos: \u201cTodo lo referente a las tem\u00e1ticas de discapacidad va a estar a disposici\u00f3n de los transe\u00fantes sobre la peatonal Jun\u00edn, en el trayecto de la calle San Lorenzo y hasta llegar a La Rioja. Ser\u00e1n espacios a cargo de las instituciones de la ciudad, quienes van a vender sus productos, brindar informaci\u00f3n y, sobre todo, a darnos un mensaje de inclusi\u00f3n\u201d, afirm\u00f3.<br>\u201cLa premisa de la gesti\u00f3n que encabeza el intendente Eduardo Tassano es concientizar a la sociedad en lo que es la discapacidad, c\u00f3mo se la afronta. Por ello, se dispuso que sean las instituciones las responsables de informar c\u00f3mo es transitar el d\u00eda a d\u00eda con la discapacidad, cu\u00e1les son sus necesidades y c\u00f3mo trabajan\u201d, remarc\u00f3 Robledo.<br>En ese contexto, ampli\u00f3 lo expuesto al anticipar que, \u201cpor ejemplo, les mostraremos a todos aquellos transe\u00fantes que pasen por all\u00ed c\u00f3mo una persona ciega cruza una calle, c\u00f3mo se maneja, etc\u00e9tera\u201d.<\/p>\n\n\n\n<figure class=\"wp-block-embed is-type-video is-provider-youtube wp-block-embed-youtube wp-embed-aspect-16-9 wp-has-aspect-ratio\"><div class=\"wp-block-embed__wrapper\">\n<iframe loading=\"lazy\" title=\"En el Mes de la Discapacidad, la Municipalidad alista la \u201cPeatonal Inclusiva\u201d\" width=\"640\" height=\"360\" src=\"https:\/\/www.youtube.com\/embed\/dH9sQW-dcIA?feature=oembed\" frameborder=\"0\" allow=\"accelerometer; autoplay; clipboard-write; encrypted-media; gyroscope; picture-in-picture\" allowfullscreen><\/iframe>\n<\/div><\/figure>\n\n\n\n<p>CARPAS EN TODO EL TRAYECTO<br>\u201cHabr\u00e1 unas 50 carpas dispuestas en todo el tramo de Jun\u00edn, de San Lorenzo a La Rioja\u201d, adelant\u00f3 Robledo, y subray\u00f3 que \u201cincluso, y gracias al Ministerio de Educaci\u00f3n, se dispondr\u00e1 de una pantalla con un c\u00f3digo QR para que la gente que pase por all\u00ed pueda ver en detalle cu\u00e1l es la disposici\u00f3n de carpas y qu\u00e9 habr\u00e1 en cada una de ellas\u201d.<br>Adem\u00e1s, detall\u00f3 que se dispondr\u00e1n arcos inflables en cada cuadra de la peatonal, con mensajes de las instituciones que participan, quienes a su vez aprovechar\u00e1n la ocasi\u00f3n para comercializar sus productos.<br>\u201cTambi\u00e9n, desde los Institutos de Formaci\u00f3n Docente se presentar\u00e1n las denominadas propuestas educativas especiales, donde se apunta a profesionalizarse para ense\u00f1ar a alumnados compuestos por personas con discapacidad\u201d, acot\u00f3 Robledo. \u00a0<br>\u00a0<br>UN EVENTO DE INTER\u00c9S PROVINCIAL<br>El titular de Consejo Municipal para Personas con Discapacidad valor\u00f3 la declaraci\u00f3n de Inter\u00e9s que recibi\u00f3 el evento por parte del Ministerio de Educaci\u00f3n de la Provincia: \u201cLa importancia que se le dio desde la cartera educativa nos da el marco adecuado. Creo que estamos ante la realizaci\u00f3n de uno de los eventos m\u00e1s importantes que se haya hecho en Corrientes con estas caracter\u00edsticas\u201d, estim\u00f3, al tiempo que a\u00f1adi\u00f3 que \u201ctambi\u00e9n se contar\u00e1 con la participaci\u00f3n de la Universidad Nacional del Nordeste, as\u00ed que la expectativa es muy grande\u201d.<br>Luego, Robledo adelant\u00f3 que en el evento se contar\u00e1 con la participaci\u00f3n de todas las instituciones de la capital e hizo extensiva la invitaci\u00f3n a los vecinos para que se sumen, se interioricen y aprendan sobre la labor que se realiza en la ciudad en materia de discapacidad.<br>\u00a0<br>MES DE LA DISCAPACIDAD, MES DE LA CONCIENTIZACI\u00d3N<br>La \u201cPeatonal Inclusiva\u201d se presenta como un atractivo importante durante un mes que tendr\u00e1 diversas acciones y en el que el objetivo principal est\u00e1 en generar conciencia: \u201cSiempre decimos que este es el Mes de la Discapacidad, pero, sobre todo, es un mes en el que tenemos que concientizar. A veces quien no convive o desconoce sobre discapacidad, no sabe tampoco el potencial y la capacidad que tienen estas personas\u201d, dijo el titular del Consejo Municipal para Personas con Discapacidad. \u201cPor eso, esta es una buena oportunidad para todos, para quien convive con la discapacidad y de igual forma se desarrolla en distintos \u00e1mbitos, y para el com\u00fan de la gente, que puede interiorizarse al respecto\u201d, finaliz\u00f3.<\/p>\n","protected":false},"excerpt":{"rendered":"<p>En las plazas Cabral y Vera, como as\u00ed tambi\u00e9n en todo el tramo de la&#8230;<\/p>\n","protected":false},"author":1,"featured_media":232,"comment_status":"open","ping_status":"open","sticky":false,"template":"","format":"standard","meta":[],"categories":[1],"tags":[],"_links":{"self":[{"href":"https:\/\/neanoticias.com\/index.php\/wp-json\/wp\/v2\/posts\/231"}],"collection":[{"href":"https:\/\/neanoticias.com\/index.php\/wp-json\/wp\/v2\/posts"}],"about":[{"href":"https:\/\/neanoticias.com\/index.php\/wp-json\/wp\/v2\/types\/post"}],"author":[{"embeddable":true,"href":"https:\/\/neanoticias.com\/index.php\/wp-json\/wp\/v2\/users\/1"}],"replies":[{"embeddable":true,"href":"https:\/\/neanoticias.com\/index.php\/wp-json\/wp\/v2\/comments?post=231"}],"version-history":[{"count":1,"href":"https:\/\/neanoticias.com\/index.php\/wp-json\/wp\/v2\/posts\/231\/revisions"}],"predecessor-version":[{"id":233,"href":"https:\/\/neanoticias.com\/index.php\/wp-json\/wp\/v2\/posts\/231\/revisions\/233"}],"wp:featuredmedia":[{"embeddable":true,"href":"https:\/\/neanoticias.com\/index.php\/wp-json\/wp\/v2\/media\/232"}],"wp:attachment":[{"href":"https:\/\/neanoticias.com\/index.php\/wp-json\/wp\/v2\/media?parent=231"}],"wp:term":[{"taxonomy":"category","embeddable":true,"href":"https:\/\/neanoticias.com\/index.php\/wp-json\/wp\/v2\/categories?post=231"},{"taxonomy":"post_tag","embeddable":true,"href":"https:\/\/neanoticias.com\/index.php\/wp-json\/wp\/v2\/tags?post=231"}],"curies":[{"name":"wp","href":"https:\/\/api.w.org\/{rel}","templated":true}]}}