{"id":219,"date":"2022-09-29T15:07:25","date_gmt":"2022-09-29T15:07:25","guid":{"rendered":"https:\/\/neanoticias.com\/?p=219"},"modified":"2022-09-29T15:07:27","modified_gmt":"2022-09-29T15:07:27","slug":"el-intendente-anuncio-el-lanzamiento-de-la-temporada-2022-2023","status":"publish","type":"post","link":"https:\/\/neanoticias.com\/index.php\/2022\/09\/29\/el-intendente-anuncio-el-lanzamiento-de-la-temporada-2022-2023\/","title":{"rendered":"EL INTENDENTE ANUNCI\u00d3 EL LANZAMIENTO DE LA TEMPORADA 2022-2023"},"content":{"rendered":"\n<p><strong>Tassano: \u201cTenemos la temporada de playas m\u00e1s larga del pa\u00eds\u201d<\/strong><\/p>\n\n\n\n<figure class=\"wp-block-image size-large\"><img loading=\"lazy\" width=\"1024\" height=\"576\" src=\"https:\/\/neanoticias.com\/wp-content\/uploads\/2022\/09\/dfeb36b6-a9e5-0e7a-fd32-e39d4a9881df-1024x576.jpg\" alt=\"\" class=\"wp-image-220\" srcset=\"https:\/\/neanoticias.com\/wp-content\/uploads\/2022\/09\/dfeb36b6-a9e5-0e7a-fd32-e39d4a9881df-1024x576.jpg 1024w, https:\/\/neanoticias.com\/wp-content\/uploads\/2022\/09\/dfeb36b6-a9e5-0e7a-fd32-e39d4a9881df-300x169.jpg 300w, https:\/\/neanoticias.com\/wp-content\/uploads\/2022\/09\/dfeb36b6-a9e5-0e7a-fd32-e39d4a9881df-768x432.jpg 768w, https:\/\/neanoticias.com\/wp-content\/uploads\/2022\/09\/dfeb36b6-a9e5-0e7a-fd32-e39d4a9881df-1536x864.jpg 1536w, https:\/\/neanoticias.com\/wp-content\/uploads\/2022\/09\/dfeb36b6-a9e5-0e7a-fd32-e39d4a9881df.jpg 1920w\" sizes=\"(max-width: 1024px) 100vw, 1024px\" \/><\/figure>\n\n\n\n<p><em>\u201cNosotros direccionamos la gesti\u00f3n para posicionar a Corrientes como una ciudad tur\u00edstica, de eventos y de oportunidades y, en ese sentido, la apertura de nuestras playas est\u00e1 asociada a los grandes eventos con los que cuenta la ciudad, como la Fiesta Nacional del Chamam\u00e9, los Carnavales Oficiales y los Barriales, y de ese modo, ampliamos la oferta para quienes nos visitan\u201d, subray\u00f3 el intendente, al referirse a la apertura de los balnearios Arazaty I y II, Malvinas I y II y Molina Punta para el per\u00edodo veraniego, una propuesta que, como ocurri\u00f3 en a\u00f1os anteriores, tendr\u00e1 siete meses de actividad plena, desde este s\u00e1bado 1 de octubre y hasta el 30 de abril. Se ofrecer\u00e1n espect\u00e1culos en vivo, deportes, servicios, seguridad en el predio y la presencia permanente de guardavidas. Tambi\u00e9n habr\u00e1 un sector especialmente destinado a aquellos que quieran ir con sus mascotas.<\/em><\/p>\n\n\n\n<figure class=\"wp-block-embed is-type-video is-provider-youtube wp-block-embed-youtube wp-embed-aspect-16-9 wp-has-aspect-ratio\"><div class=\"wp-block-embed__wrapper\">\n<iframe loading=\"lazy\" title=\"Tassano: \u201cTenemos la temporada de playas m\u00e1s larga del pa\u00eds\u201d\" width=\"640\" height=\"360\" src=\"https:\/\/www.youtube.com\/embed\/TCjup79c-aM?feature=oembed\" frameborder=\"0\" allow=\"accelerometer; autoplay; clipboard-write; encrypted-media; gyroscope; picture-in-picture\" allowfullscreen><\/iframe>\n<\/div><\/figure>\n\n\n\n<p>El intendente Eduardo Tassano anunci\u00f3 este martes la apertura de las playas de la ciudad en el marco de la temporada estival 2022\/2023 en la que, a partir de un trabajo desarrollado por la Municipalidad con la colaboraci\u00f3n del Gobierno provincial, se dispondr\u00e1 de siete meses de actividades y diversos atractivos para vecinos y turistas a la vera del r\u00edo Paran\u00e1.<br>Los balnearios Arazaty I y II, Malvinas I y II y Molina Punta, que ser\u00e1n habilitados el pr\u00f3ximo s\u00e1bado 1 de octubre, conformar\u00e1n un abanico de alternativas para el disfrute de vecinos y turistas, hasta el 30 de abril de 2023. A diferencia de la \u00faltima temporada, en esta ocasi\u00f3n no habr\u00e1 restricciones como las que se establecieron en 2021 por la pandemia, como el sistema de burbujas y con registro previo.<br>En ese sentido, ahora los ba\u00f1istas tendr\u00e1n acceso libre a los sectores de playa en horario corrido, de 8 a 20.<br>\u201cCon este lanzamiento revalorizamos uno de los grandes atractivos que tiene Corrientes: las playas. En ese sentido, estamos trabajando con todos los que conforman el sector tur\u00edstico, para poder contar con la capacidad de albergar al alt\u00edsimo n\u00famero de visitantes que tenemos en la temporada\u201d, dijo inicialmente Tassano.<br>\u201cNosotros direccionamos la gesti\u00f3n para posicionar a Corrientes como una ciudad tur\u00edstica, de eventos y de oportunidades y, en ese sentido, la apertura de nuestras playas est\u00e1 asociada a los grandes eventos con los que cuenta la ciudad, como la Fiesta Nacional del Chamam\u00e9, los Carnavales Oficiales y los Barriales, y de ese modo, ampliamos la oferta para quienes nos visitan\u201d, agreg\u00f3.<br>\u00a0<br>SHOWS EN VIVO Y DEPORTES<br>La apertura de la temporada de playas en Corrientes se vivir\u00e1 como una verdadera fiesta, que incluir\u00e1 espect\u00e1culos musicales en vivo y competencias deportivas en distintas disciplinas.<br>Con una demostraci\u00f3n de taekwondo ITF, el s\u00e1bado a las 16 se levantar\u00e1 el tel\u00f3n en el balneario Arazaty, para luego dar paso a un desfile de artistas sobre un escenario especialmente montado para la oportunidad.<br>Milagros Alarc\u00f3n, Cheiro Do Samba y Zumba Zin pondr\u00e1n m\u00fasica al inicio de la jornada, en la previa del corte de cinta oficial que marcar\u00e1 la apertura de la temporada en las playas correntinas.<br>En ese contexto, despierta una gran expectativa en los j\u00f3venes la presentaci\u00f3n de dos referentes del g\u00e9nero tropical como Vruno, en primer lugar; y luego, con Chili Fern\u00e1ndez, quien estar\u00e1 a cargo del cierre musical de la jornada.<br>\u00a0<br>M\u00daLTIPLES SERVICIOS<br>De esta manera, a trav\u00e9s de un trabajo de planificaci\u00f3n realizado por la Municipalidad, desde la Secretar\u00eda de Turismo y Deportes, y en forma coordinada con el Ministerio de Turismo de la Provincia, se brindar\u00e1n diversos servicios, seguridad en el predio y la presencia permanente de guardavidas.<br>Adem\u00e1s, cada balneario ser\u00e1 escenario de actividades culturales y deportivas, con sectores destinados a disciplinas como f\u00fatbol, v\u00f3ley o\u00a0<em>rugby beach<\/em>. Esto se sumar\u00e1 a las propuestas en actividades n\u00e1uticas y una diversa oferta gastron\u00f3mica.<br>En ese marco, se destac\u00f3 que los ba\u00f1istas que asistan a la playa Molina Punta contar\u00e1n con un nuevo servicio: \u201cVamos a brindar actividades acu\u00e1ticas como kayak, y tambi\u00e9n dispondremos de ofertas gastron\u00f3micas, todo en pos de ofrecer nuevos atractivos a los ba\u00f1istas\u201d, remarc\u00f3 por su parte el secretario de Turismo y Deportes municipal, Juan Enrique Braillard Poccard.<br>\u00a0<br>UN LUGAR PARA LAS MASCOTAS<br>Por otra parte, y buscando nuevas alternativas en su oferta playera para los vecinos y turistas, este a\u00f1o se estrenar\u00e1 un balneario para mascotas. De esta manera, un espacio ubicado en la playa Islas Malvinas II ser\u00e1 destinado y acondicionado para el disfrute de los ba\u00f1istas y sus perros y gatos, lo que representa una de las innovaciones para la temporada venidera.<br>\u201cLa playa Malvinas Argentinas va a contar con espacios adecuado para recibir a ba\u00f1istas con sus mascotas. Esto es el resultado de un trabajo planificado que iniciamos meses atr\u00e1s entendiendo que quienes tiene perros y gatos muchas veces buscan un espacio para pasearlos y para compartir\u201d.<br>\u201cEl sector habilitado a las mascotas va a estar adecuado para ese fin, con todo los cuidados y el esquema que implica, adem\u00e1s de posicionar a los balnearios de Corrientes a la par de los m\u00e1s modernos del mundo quienes ya cuentan con este sistema de contenci\u00f3n de mascotas en la playa\u201d.<br>\u00a0<br>CORRIENTES, DESTINO TUR\u00cdSTICO NACIONAL<br>Braillard Poccard resalt\u00f3 que \u201clas playas correntinas son \u00fanicas: la Arazaty est\u00e1 catalogada como la principal playa de r\u00edo del pa\u00eds, y queremos aprovechar esas bondades para ofrecer diversas propuestas a los vecinos y al visitante\u201d.<br>En este sentido, se\u00f1al\u00f3 que \u201cel pr\u00f3ximo s\u00e1bado 1 de octubre se va a realizar el lanzamiento de la temporada y la apertura se va a dar con varias actividades deportivas y art\u00edsticas\u201d.<br>El funcionario valor\u00f3 adem\u00e1s la meta de volver a posicionar a Corrientes como uno de los principales destinos tur\u00edsticos de la regi\u00f3n: \u201cEn 2019 tuvimos una temporada r\u00e9cord, en la cual Corrientes se ubic\u00f3 como uno de los destinos m\u00e1s elegidos. Luego, durante la pandemia, de igual modo pudimos adecuar la temporada de verano y de playas a la situaci\u00f3n sanitaria y la concurrencia sigui\u00f3 siendo elevada\u201d, record\u00f3.<br>\u201cHoy, ya con normalidad casi plena en cuanto a la pandemia, creemos que este a\u00f1o va a ser nuevamente de \u00e9xito para Corrientes y su turismo, y nos estamos poniendo a punto para eso\u201d, asever\u00f3.<br>\u00a0<br>LA TEMPORADA LARGA DEL PA\u00cdS<br>A partir de esta propuesta municipal con apoyo provincial, la meta central es seguir posicionando a Corrientes como uno de los destinos m\u00e1s elegidos del pa\u00eds. A sus diversas propuestas culturales y su rica historia, se le suma el atractivo inigualable que ofrece el r\u00edo Paran\u00e1 y el \u201cverano m\u00e1s largo de la Argentina\u201d, tal como se denomina a la temporada, que se extiende por siete meses.<br>Al respecto, el titular de Turismo y Deporte municipal se mostr\u00f3 expectante ante el inicio de una temporada que, vaticin\u00f3, \u201cser\u00e1 r\u00e9cord\u201d.<br>\u201cCorrientes es un destino elegido por los turistas por tener uno de los veranos m\u00e1s largo del pa\u00eds, y eso tiene que ver en parte por las diversas propuestas. Estamos convencidos de que la 2022\/2023 va a ser una nueva temporada r\u00e9cord para la ciudad\u201d, augur\u00f3 el funcionario.<br>\u00a0<br>PLAYAS SEGURAS Y LIMPIAS<br>Para esta temporada 2022\/2023, la Municipalidad dispondr\u00e1 de un equipo de 50 guardavidas que fueron especialmente seleccionados e instruidos para la seguridad en las aguas en cada uno de los sectores delimitados. De igual modo, cada balneario contar\u00e1 con personal encargado de la limpieza del predio costero y ba\u00f1os.<br>\u201cVamos a contar con un cuerpo de 50 guardavidas que van a estar a disposici\u00f3n de los ba\u00f1istas, adem\u00e1s del personal que estar\u00e1 abocado a la limpieza de los distintos balnearios y ba\u00f1os de cada sector\u201d, recalc\u00f3 Braillard Poccard.<br>El funcionario valor\u00f3 el trabajo realizado desde la Municipalidad, que conform\u00f3 un calificado equipo de guardavidas para brindar asistencia a ba\u00f1istas en las playas Arazaty I y II, Malvinas I y II y Molina Punta. Tras la inicial selecci\u00f3n del personal, se abri\u00f3 una etapa de instrucci\u00f3n especial por parte de rescatistas profesionales, haciendo hincapi\u00e9 en salvataje y auxilio en caso de situaci\u00f3n cr\u00edtica. En la misma l\u00ednea, los socorristas fueron instruidos en procedimientos asistenciales, como en reanimaci\u00f3n cardiopulmonar (RCP), asistencia m\u00e9dica b\u00e1sica y uso de equipo de rescate, entre otros.\u00a0\u00a0<br>As\u00ed, se desarrollaron todas las labores necesarias, con la premisa de brindar el resguardo de los vecinos y turistas al momento de su ingreso al r\u00edo, respetando los horarios establecidos, a fin de optimizar todas las medidas de seguridad.<\/p>\n","protected":false},"excerpt":{"rendered":"<p>Tassano: \u201cTenemos la temporada de playas m\u00e1s larga del pa\u00eds\u201d \u201cNosotros direccionamos la gesti\u00f3n para&#8230;<\/p>\n","protected":false},"author":1,"featured_media":220,"comment_status":"open","ping_status":"open","sticky":false,"template":"","format":"standard","meta":[],"categories":[1],"tags":[],"_links":{"self":[{"href":"https:\/\/neanoticias.com\/index.php\/wp-json\/wp\/v2\/posts\/219"}],"collection":[{"href":"https:\/\/neanoticias.com\/index.php\/wp-json\/wp\/v2\/posts"}],"about":[{"href":"https:\/\/neanoticias.com\/index.php\/wp-json\/wp\/v2\/types\/post"}],"author":[{"embeddable":true,"href":"https:\/\/neanoticias.com\/index.php\/wp-json\/wp\/v2\/users\/1"}],"replies":[{"embeddable":true,"href":"https:\/\/neanoticias.com\/index.php\/wp-json\/wp\/v2\/comments?post=219"}],"version-history":[{"count":1,"href":"https:\/\/neanoticias.com\/index.php\/wp-json\/wp\/v2\/posts\/219\/revisions"}],"predecessor-version":[{"id":221,"href":"https:\/\/neanoticias.com\/index.php\/wp-json\/wp\/v2\/posts\/219\/revisions\/221"}],"wp:featuredmedia":[{"embeddable":true,"href":"https:\/\/neanoticias.com\/index.php\/wp-json\/wp\/v2\/media\/220"}],"wp:attachment":[{"href":"https:\/\/neanoticias.com\/index.php\/wp-json\/wp\/v2\/media?parent=219"}],"wp:term":[{"taxonomy":"category","embeddable":true,"href":"https:\/\/neanoticias.com\/index.php\/wp-json\/wp\/v2\/categories?post=219"},{"taxonomy":"post_tag","embeddable":true,"href":"https:\/\/neanoticias.com\/index.php\/wp-json\/wp\/v2\/tags?post=219"}],"curies":[{"name":"wp","href":"https:\/\/api.w.org\/{rel}","templated":true}]}}