{"id":216,"date":"2022-09-29T15:05:31","date_gmt":"2022-09-29T15:05:31","guid":{"rendered":"https:\/\/neanoticias.com\/?p=216"},"modified":"2022-09-29T15:05:31","modified_gmt":"2022-09-29T15:05:31","slug":"detuvieron-en-corrientes-al-acusado-de-matar-a-punaladas-a-un-joven-en-chubut","status":"publish","type":"post","link":"https:\/\/neanoticias.com\/index.php\/2022\/09\/29\/detuvieron-en-corrientes-al-acusado-de-matar-a-punaladas-a-un-joven-en-chubut\/","title":{"rendered":"DETUVIERON EN CORRIENTES AL ACUSADO DE MATAR A PU\u00d1ALADAS A UN JOVEN EN CHUBUT"},"content":{"rendered":"\n<p>El crimen ocurri\u00f3 en los primeros minutos del s\u00e1bado pasado en la Madryn y el acusado fue detenido este jueves.\u00a0<\/p>\n\n\n\n<figure class=\"wp-block-image size-full\"><img loading=\"lazy\" width=\"850\" height=\"542\" src=\"https:\/\/neanoticias.com\/wp-content\/uploads\/2022\/09\/1252569w850h542c.jpg.webp\" alt=\"\" class=\"wp-image-217\" srcset=\"https:\/\/neanoticias.com\/wp-content\/uploads\/2022\/09\/1252569w850h542c.jpg.webp 850w, https:\/\/neanoticias.com\/wp-content\/uploads\/2022\/09\/1252569w850h542c.jpg-300x191.webp 300w, https:\/\/neanoticias.com\/wp-content\/uploads\/2022\/09\/1252569w850h542c.jpg-768x490.webp 768w\" sizes=\"(max-width: 850px) 100vw, 850px\" \/><\/figure>\n\n\n\n<p>Este jueves por la ma\u00f1ana, la polic\u00eda detuvo al acusado del asesinato ocurrido el pasado fin de semana en el barrio Pujol 2 de la localidad de Puerto Madryn, provincia de Chubut Se trata de Sergio Daniel Cosimi a quien se se\u00f1al\u00f3 como el autor de las pu\u00f1aladas que le costaron la vida a Brian Bossa.<\/p>\n\n\n\n<p>El sospechoso fue detenido en la ciudad de Corrientes, luego de varios d\u00edas pr\u00f3fugo y fue localizado gracias a las tareas investigativas de la DPI de Madryn.<\/p>\n\n\n\n<p>De esta forma, ahora, se aguarda el traslado a la Ciudad del Golfo en los pr\u00f3ximos d\u00edas para ser sometido a la audiencia correspondiente.<\/p>\n\n\n\n<p><strong>EL HECHO<\/strong><\/p>\n\n\n\n<p>La v\u00edctima, junto con dos amigos, se hab\u00edan dirigido pasada la medianoche del s\u00e1bado a un domicilio ubicado en Rio Mayo y Trevelin, cuando se gener\u00f3 una discusi\u00f3n. Tras la disputa verbal, comenz\u00f3 una pelea y en un momento, &#8220;El Correntino&#8221;, sali\u00f3 de la casa y le asest\u00f3 dos pu\u00f1aladas en el pecho.<\/p>\n\n\n\n<p>Bossa fue atendido en el hospital, pero falleci\u00f3 producto de las heridas. &#8220;Fue producto de una pelea por una cuesti\u00f3n nimia. Uno de los integrantes le asesta dos pu\u00f1aladas a un joven de 26 a\u00f1os. Los presentes lo trasladas al hospital, pero a pesar de las maniobras de reanimaci\u00f3n, muere&#8221;, detall\u00f3 el fiscal Jorge Bugue\u00f1o, quien lleva adelante la causa judicial junto al funcionario Fernando Blanco.<\/p>\n","protected":false},"excerpt":{"rendered":"<p>El crimen ocurri\u00f3 en los primeros minutos del s\u00e1bado pasado en la Madryn y el&#8230;<\/p>\n","protected":false},"author":1,"featured_media":217,"comment_status":"open","ping_status":"open","sticky":false,"template":"","format":"standard","meta":[],"categories":[1],"tags":[],"_links":{"self":[{"href":"https:\/\/neanoticias.com\/index.php\/wp-json\/wp\/v2\/posts\/216"}],"collection":[{"href":"https:\/\/neanoticias.com\/index.php\/wp-json\/wp\/v2\/posts"}],"about":[{"href":"https:\/\/neanoticias.com\/index.php\/wp-json\/wp\/v2\/types\/post"}],"author":[{"embeddable":true,"href":"https:\/\/neanoticias.com\/index.php\/wp-json\/wp\/v2\/users\/1"}],"replies":[{"embeddable":true,"href":"https:\/\/neanoticias.com\/index.php\/wp-json\/wp\/v2\/comments?post=216"}],"version-history":[{"count":1,"href":"https:\/\/neanoticias.com\/index.php\/wp-json\/wp\/v2\/posts\/216\/revisions"}],"predecessor-version":[{"id":218,"href":"https:\/\/neanoticias.com\/index.php\/wp-json\/wp\/v2\/posts\/216\/revisions\/218"}],"wp:featuredmedia":[{"embeddable":true,"href":"https:\/\/neanoticias.com\/index.php\/wp-json\/wp\/v2\/media\/217"}],"wp:attachment":[{"href":"https:\/\/neanoticias.com\/index.php\/wp-json\/wp\/v2\/media?parent=216"}],"wp:term":[{"taxonomy":"category","embeddable":true,"href":"https:\/\/neanoticias.com\/index.php\/wp-json\/wp\/v2\/categories?post=216"},{"taxonomy":"post_tag","embeddable":true,"href":"https:\/\/neanoticias.com\/index.php\/wp-json\/wp\/v2\/tags?post=216"}],"curies":[{"name":"wp","href":"https:\/\/api.w.org\/{rel}","templated":true}]}}