{"id":213,"date":"2022-09-29T15:04:02","date_gmt":"2022-09-29T15:04:02","guid":{"rendered":"https:\/\/neanoticias.com\/?p=213"},"modified":"2022-09-29T15:04:03","modified_gmt":"2022-09-29T15:04:03","slug":"en-el-primer-semestre-del-ano-la-pobreza-llego-al-365-de-la-poblacion","status":"publish","type":"post","link":"https:\/\/neanoticias.com\/index.php\/2022\/09\/29\/en-el-primer-semestre-del-ano-la-pobreza-llego-al-365-de-la-poblacion\/","title":{"rendered":"EN EL PRIMER SEMESTRE DEL A\u00d1O LA POBREZA LLEG\u00d3 AL 36,5% DE LA POBLACI\u00d3N"},"content":{"rendered":"\n<p>Seg\u00fan inform\u00f3 el Indec, la indigencia adem\u00e1s se ubic\u00f3 en el 8,8% hasta junio. A fines del 2021, la pobreza alcanzaba al 37% de la poblaci\u00f3n y la indigencia al 8,2 por ciento<\/p>\n\n\n\n<figure class=\"wp-block-image size-full\"><img loading=\"lazy\" width=\"310\" height=\"163\" src=\"https:\/\/neanoticias.com\/wp-content\/uploads\/2022\/09\/images.jpg\" alt=\"\" class=\"wp-image-214\" srcset=\"https:\/\/neanoticias.com\/wp-content\/uploads\/2022\/09\/images.jpg 310w, https:\/\/neanoticias.com\/wp-content\/uploads\/2022\/09\/images-300x158.jpg 300w\" sizes=\"(max-width: 310px) 100vw, 310px\" \/><\/figure>\n\n\n\n<p><strong>El Instituto Nacional de Estad\u00edstica y Censos (Indec) inform\u00f3 que la pobreza lleg\u00f3 a 36,5 por ciento y alcanz\u00f3 a 17,3 millones de argentinos en el primer semestre de 2022. En tanto, el nivel de indigencia fue del 8,8 por ciento en los primeros seis meses del a\u00f1o.<\/strong><\/p>\n\n\n\n<p>Cabe recordar que en segundo semestre de 2021 el 37,2% de la poblaci\u00f3n -unas 17,4 millones de personas- era considerada pobre en la Argentina y el 8,2% viv\u00eda en condiciones de indigencia. Entonces los indicadores sociales principales mostraron una sensible mejora respecto al 42% de pobreza que marc\u00f3 el 2020. En tanto, en el primer semestre del 2021, la pobreza ascendi\u00f3 al 40,6% y la indigencia al 10,7 por ciento.<\/p>\n\n\n\n<p>Como comparaci\u00f3n, hacia fines de 2019, el \u00faltimo \u00edndice sin incidencia de la crisis sanitaria, mostr\u00f3 una pobreza de 35,5% de pobreza y un 8% de indigencia. En el peor momento de la pandemia, la pobreza lleg\u00f3 a tocar un pico de 42%, mientras que la indigencia tuvo su punto m\u00e1s alto en el primer semestre del 2021, con 10,7 por ciento.<\/p>\n\n\n\n<h2><strong>La visi\u00f3n de los expertos<\/strong><\/h2>\n\n\n\n<p>Los analistas de&nbsp;Ecolatina&nbsp;explicaron que \u201clos&nbsp;sectores de menores recursos se ven m\u00e1s afectados por la din\u00e1mica de los precios de alimentos&nbsp;que el resto, dado que destinan una mayor porci\u00f3n de su ingreso a satisfacer estos consumos de primera necesidad. Por el contrario, las familias m\u00e1s ricas gastan m\u00e1s en bienes de segunda necesidad, como pueden ser art\u00edculos para el hogar, educaci\u00f3n y esparcimiento, entre otros\u201d.<\/p>\n\n\n\n<p>\u201cEsta aceleraci\u00f3n en los precios de los alimentos volvi\u00f3 m\u00e1s regresiva a la din\u00e1mica inflacionaria, afectando en mayor medida relativa a los sectores de menores recursos\u201d, indic\u00f3 Ecolatina.<\/p>\n\n\n\n<p>Adem\u00e1s, la medici\u00f3n de la Di Tella, en base a los datos de la Encuesta Permanente de Hogares (EPH) con las proyecciones oficiales de la Canasta B\u00e1sica Total (CBT), indica que a partir de abril se retom\u00f3 la tendencia alcista que ubic\u00f3 la pobreza en 36,2% para el per\u00edodo diciembre-mayo y volvi\u00f3 al 37,1% para el primer semestre del a\u00f1o, registro de apenas d\u00e9cimas por debajo del \u00faltimo dato oficial del Indec de 37,3% para 2021.<\/p>\n\n\n\n<p>Desde entonces, con \u00edndices de precios al consumidor que se ubicaron holgadamente por encima de 6% en julio y agosto,&nbsp;la tasa de pobreza se ubicar\u00eda actualmente nuevamente en niveles cercanos al 40%. \u201cEl nowcast estima una tasa de pobreza de 39,9% para el semestre marzo-agosto de 2022\u2033, se\u00f1ala el informe elaborado por Rozada, en el que detalla que la CBT promedio tomada de referencia para la regi\u00f3n metropolitana en ese per\u00edodo estim\u00f3 en $33.400 por adulto equivalente, lo que equivale aumento interanual de 58,5%, mientras que para el promedio del ingreso total familiar se proyect\u00f3 un incremento interanual de 57,8%. \u201cCon estos datos y la simulaci\u00f3n de los microdatos de la EPH del segundo y tercer trimestres de 2022 se proyect\u00f3 la tasa de pobreza\u201d, detall\u00f3.<\/p>\n\n\n\n<p>Estas cifras est\u00e1n en sinton\u00eda con los que elabora el especialista en desigualdad y pobreza del Centro de Estudios Distributivos, Laborales y Sociales (CEDLAS),&nbsp;Leopoldo Tornarolli, quien tambi\u00e9n&nbsp;afirma que el punto de inflexi\u00f3n se dio en el \u201csemestre intermedio\u201d de octubre a marzo de este a\u00f1o, con una tasa de pobreza estimada en 35,2% con un repunte en los meses siguientes.<\/p>\n\n\n\n<p>\u201cLa situaci\u00f3n del primer semestre es heterog\u00e9nea, mi estimaci\u00f3n es de 36,3% para ese per\u00edodo, los dos primeros meses ven\u00edan relativamente bien. Reci\u00e9n&nbsp;en abril y mayo el aumento de la inflaci\u00f3n fren\u00f3 el crecimiento que ven\u00eda fuerte del a\u00f1o pasado.&nbsp;En esos primeros meses, con una inflaci\u00f3n relativamente m\u00e1s baja, se produjo una mejora\u201d, explic\u00f3 el economista que dirige el proyecto SEDLAC (SocioEconomic Database for Latin America and the Caribbean), que produce todos los datos socioecon\u00f3micos de los pa\u00edses de la regi\u00f3n, incluidos los de pobreza, para el Banco Mundial. \u201cEso deja dos per\u00edodos bien definidos. En el segundo trimestre empieza a impactar ya la inflaci\u00f3n m\u00e1s acelerada en el ingreso de los hogares y vuelve a subir. Con una mirada de m\u00e1s largo plazo de la din\u00e1mica, podemos decir que la inflaci\u00f3n del \u00faltimo trimestre del a\u00f1o pasado fue m\u00e1s baja que la del anterior y la pobreza en el primer trimestre del a\u00f1o se mantiene pero s\u00ed ya en el segundo trimestre del a\u00f1o es algunos puntos m\u00e1s alta\u201d, expres\u00f3 el experto, quien al igual que Rozada proyecta que en el trimestre que cierra esta semana, la tasa de inflaci\u00f3n ser\u00e1 a\u00fan m\u00e1s alta.<\/p>\n\n\n\n<p><strong>\u201cNo sabemos a\u00fan qu\u00e9 tan movidos ser\u00e1n los pr\u00f3ximos meses pero se intuye que sin demasiados cambios, el promedio del segundo semestre volver\u00e1 a arrojar una tasa m\u00e1s cercana al 40%\u201d<\/strong>, expres\u00f3.<\/p>\n","protected":false},"excerpt":{"rendered":"<p>Seg\u00fan inform\u00f3 el Indec, la indigencia adem\u00e1s se ubic\u00f3 en el 8,8% hasta junio. A&#8230;<\/p>\n","protected":false},"author":1,"featured_media":214,"comment_status":"open","ping_status":"open","sticky":false,"template":"","format":"standard","meta":[],"categories":[1],"tags":[],"_links":{"self":[{"href":"https:\/\/neanoticias.com\/index.php\/wp-json\/wp\/v2\/posts\/213"}],"collection":[{"href":"https:\/\/neanoticias.com\/index.php\/wp-json\/wp\/v2\/posts"}],"about":[{"href":"https:\/\/neanoticias.com\/index.php\/wp-json\/wp\/v2\/types\/post"}],"author":[{"embeddable":true,"href":"https:\/\/neanoticias.com\/index.php\/wp-json\/wp\/v2\/users\/1"}],"replies":[{"embeddable":true,"href":"https:\/\/neanoticias.com\/index.php\/wp-json\/wp\/v2\/comments?post=213"}],"version-history":[{"count":1,"href":"https:\/\/neanoticias.com\/index.php\/wp-json\/wp\/v2\/posts\/213\/revisions"}],"predecessor-version":[{"id":215,"href":"https:\/\/neanoticias.com\/index.php\/wp-json\/wp\/v2\/posts\/213\/revisions\/215"}],"wp:featuredmedia":[{"embeddable":true,"href":"https:\/\/neanoticias.com\/index.php\/wp-json\/wp\/v2\/media\/214"}],"wp:attachment":[{"href":"https:\/\/neanoticias.com\/index.php\/wp-json\/wp\/v2\/media?parent=213"}],"wp:term":[{"taxonomy":"category","embeddable":true,"href":"https:\/\/neanoticias.com\/index.php\/wp-json\/wp\/v2\/categories?post=213"},{"taxonomy":"post_tag","embeddable":true,"href":"https:\/\/neanoticias.com\/index.php\/wp-json\/wp\/v2\/tags?post=213"}],"curies":[{"name":"wp","href":"https:\/\/api.w.org\/{rel}","templated":true}]}}