{"id":2059,"date":"2025-10-28T21:09:45","date_gmt":"2025-10-28T21:09:45","guid":{"rendered":"https:\/\/neanoticias.com\/?p=2059"},"modified":"2025-10-28T21:09:45","modified_gmt":"2025-10-28T21:09:45","slug":"cositorto-pidio-la-domiciliaria-por-estar-debil-y-desnutrido","status":"publish","type":"post","link":"https:\/\/neanoticias.com\/index.php\/2025\/10\/28\/cositorto-pidio-la-domiciliaria-por-estar-debil-y-desnutrido\/","title":{"rendered":"COSITORTO PIDI\u00d3 LA DOMICILIARIA POR ESTAR &#8220;D\u00c9BIL Y DESNUTRIDO&#8221;"},"content":{"rendered":"\n<p>Su abogado defensor pidi\u00f3 que, por razones de salud, saliera de la c\u00e1rcel y se instalara en lo de su pareja, quien asumir\u00eda su cuidado.\u00a0El Superior Tribunal de Justicia de Corrientes advirti\u00f3 que su condena a 12 a\u00f1os por estafas en Goya &#8220;aumenta en su m\u00e1xima expresi\u00f3n el peligro de fuga\u201d<\/p>\n\n\n\n<p>El Superior Tribunal de Justicia de Corrientes descart\u00f3 la posibilidad de morigerar las condiciones de detenci\u00f3n de\u00a0Leonardo Nelson Cositorto, condenado a 12 a\u00f1os de c\u00e1rcel por una millonaria<strong>\u00a0estafa piramidal a ahorristas<\/strong>\u00a0de la ciudad de Goya a trav\u00e9s de Generaci\u00f3n Zo<\/p>\n\n\n\n<p>La defensa argument\u00f3 que Cositorto estaba&nbsp;desnutrido y mostraba una extrema debilidad&nbsp;producto de una enfermedad cr\u00f3nica que afecta el sistema inmunol\u00f3gico. Y que, por lo tanto, en prisi\u00f3n no pod\u00eda recibir la atenci\u00f3n adecuada.<\/p>\n\n\n\n<p>El escrito fue presentado por la abogada&nbsp;Ana Mar\u00eda Fern\u00e1ndez, quien acompa\u00f1\u00f3 un informe de la psic\u00f3loga Marisel Fern\u00e1ndez, que&nbsp;<strong>asiste a Cositorto en la Unidad Penal de Riachuelo, donde se halla alojado.<\/strong><\/p>\n\n\n\n<p>Desde la defensa propusieron que el ex CEO de Generaci\u00f3n Zoe aguarde la revisi\u00f3n de su condena en la casa de su pareja, Silvana Ver\u00f3nica Abellonio, quien asumir\u00eda la responsabilidad de su cuidado.<\/p>\n\n\n\n<p>El fiscal general de Corrientes se opuso al planteo por considerar que \u201cla situaci\u00f3n particular de Cositorto no permite inferir que por el solo hecho de su detenci\u00f3n se agrave su cuadro de salud, como as\u00ed tampoco que le impida recibir el tratamiento adecuado a su diagn\u00f3stico, considerando asimismo la magnitud de los hechos,&nbsp;<strong>los delitos por los que fue condenado y dem\u00e1s circunstancias concretas de las presentes\u201d.<\/strong><\/p>\n\n\n\n<p>Al analizar el caso, los ministros del Superior Tribunal de Justicia Guillermo Semhan, Luis Rey V\u00e1zquez, Alejandro Chain, Eduardo Panseri y Fernando Niz sostuvieron que el fallo deb\u00eda \u201chacer primar la coherencia con los principios constitucionales, convencionales y fundamentalmente el respeto a la dignidad humana de quienes sufren la privaci\u00f3n de su libertad ambulatoria, agregado a ello su estado de salud\u201d.<\/p>\n\n\n\n<p>Recordaron que Cositorto fue condenado el 25 de febrero pasado a la pena de 12 a\u00f1os de c\u00e1rcel por ser&nbsp;jefe de una asociaci\u00f3n il\u00edcita y estafa&nbsp;en la modalidad de delito continuado. Y que en la c\u00e1rcel donde pasa sus d\u00edas&nbsp;<strong>\u201cse neg\u00f3 voluntariamente a recibir el tratamiento m\u00e9dico&nbsp;ofrecido por la misma Unidad Penitenciaria\u201d.<\/strong><\/p>\n\n\n\n<p>Dejaron en claro que la condena que recibi\u00f3 por parte del Tribunal de Juicio de Goya \u201cdisminuye a su m\u00ednima expresi\u00f3n la presunci\u00f3n de inocencia\u201d y tambi\u00e9n \u201caumenta en su m\u00e1xima expresi\u00f3n el peligro de fuga\u201d.<\/p>\n\n\n\n<p>Los ministros del STJ indicaron que la c\u00e1rcel donde est\u00e1 alojado Cositorto \u201cha provisto en todo momento de atenci\u00f3n m\u00e9dica, psicol\u00f3gica, se encarg\u00f3 de otorgar turnos para extracci\u00f3n y an\u00e1lisis para su tratamiento en base a su diagn\u00f3stico, como as\u00ed tambi\u00e9n se le provee de los medicamentos que requiere como as\u00ed tampoco puede desconocerse que el nombrado, en forma reiterada, ha manifestado su voluntad de negarse a recibir el tratamiento y control m\u00e9dico ofrecido\u201d.<\/p>\n\n\n\n<p>En ese sentido, agregaron que los argumentos expuestos por la defensa \u201cno son suficientes para modificar (el tipo de detenci\u00f3n) por la sencilla raz\u00f3n que no han variado las circunstancias que motivaron el dictado de la misma desde la sentencia condenatoria. Y tampoco presenta un cuadro de salud que amerite tal decisi\u00f3n, agravado a la negaci\u00f3n voluntaria de recibir atenci\u00f3n\u201d.<\/p>\n\n\n\n<h2><strong>La condena a 12 a\u00f1os de c\u00e1rcel<\/strong><\/h2>\n\n\n\n<p><strong>En febrero pasado, tras un extenso juicio oral y p\u00fablico,&nbsp;<\/strong>Cositorto fue condenado en Goya a 12 a\u00f1os de c\u00e1rcel luego que el Tribunal lo considerara el jefe de una asociaci\u00f3n il\u00edcita.<\/p>\n\n\n\n<p>Un escal\u00f3n m\u00e1s abajo quedaron Miguel \u00c1ngel Echegaray, Maximiliano Javier Batista y Lucas Dami\u00e1n Camelino, quienes fueron sentenciados a cumplir una pena de ocho a\u00f1os de prisi\u00f3n. Dos referentes locales, en tanto, fueron absueltos.<\/p>\n\n\n\n<p>Cositorto tambi\u00e9n fue hallado culpable de 118 estafas en Salta, donde un Tribunal lo conden\u00f3 a 11 a\u00f1os de encierro. En ese lugar los ahorristas fueron despojados de 778 millones de pesos.<\/p>\n","protected":false},"excerpt":{"rendered":"<p>Su abogado defensor pidi\u00f3 que, por razones de salud, saliera de la c\u00e1rcel y se&#8230;<\/p>\n","protected":false},"author":1,"featured_media":2060,"comment_status":"open","ping_status":"open","sticky":false,"template":"","format":"standard","meta":[],"categories":[1],"tags":[],"_links":{"self":[{"href":"https:\/\/neanoticias.com\/index.php\/wp-json\/wp\/v2\/posts\/2059"}],"collection":[{"href":"https:\/\/neanoticias.com\/index.php\/wp-json\/wp\/v2\/posts"}],"about":[{"href":"https:\/\/neanoticias.com\/index.php\/wp-json\/wp\/v2\/types\/post"}],"author":[{"embeddable":true,"href":"https:\/\/neanoticias.com\/index.php\/wp-json\/wp\/v2\/users\/1"}],"replies":[{"embeddable":true,"href":"https:\/\/neanoticias.com\/index.php\/wp-json\/wp\/v2\/comments?post=2059"}],"version-history":[{"count":1,"href":"https:\/\/neanoticias.com\/index.php\/wp-json\/wp\/v2\/posts\/2059\/revisions"}],"predecessor-version":[{"id":2061,"href":"https:\/\/neanoticias.com\/index.php\/wp-json\/wp\/v2\/posts\/2059\/revisions\/2061"}],"wp:featuredmedia":[{"embeddable":true,"href":"https:\/\/neanoticias.com\/index.php\/wp-json\/wp\/v2\/media\/2060"}],"wp:attachment":[{"href":"https:\/\/neanoticias.com\/index.php\/wp-json\/wp\/v2\/media?parent=2059"}],"wp:term":[{"taxonomy":"category","embeddable":true,"href":"https:\/\/neanoticias.com\/index.php\/wp-json\/wp\/v2\/categories?post=2059"},{"taxonomy":"post_tag","embeddable":true,"href":"https:\/\/neanoticias.com\/index.php\/wp-json\/wp\/v2\/tags?post=2059"}],"curies":[{"name":"wp","href":"https:\/\/api.w.org\/{rel}","templated":true}]}}