{"id":2056,"date":"2025-10-28T21:08:45","date_gmt":"2025-10-28T21:08:45","guid":{"rendered":"https:\/\/neanoticias.com\/?p=2056"},"modified":"2025-10-28T21:08:46","modified_gmt":"2025-10-28T21:08:46","slug":"el-ex-presidente-frances-ingreso-a-la-carcel-para-cumplir-su-condena","status":"publish","type":"post","link":"https:\/\/neanoticias.com\/index.php\/2025\/10\/28\/el-ex-presidente-frances-ingreso-a-la-carcel-para-cumplir-su-condena\/","title":{"rendered":"EL EX PRESIDENTE FRANC\u00c9S INGRES\u00d3 A LA C\u00c1RCEL PARA CUMPLIR SU CONDENA"},"content":{"rendered":"\n<p>Fue trasladado bajo estrictas medidas de seguridad a la unidad penitenciaria parisina de La Sant\u00e9, tras ser hallado culpable de asociaci\u00f3n il\u00edcita y financiaci\u00f3n ilegal. Su defensa dice que es v\u00edctima de una \u201cpersecuci\u00f3n judicial\u201d<\/p>\n\n\n\n<p>El ex presidente de Francia,&nbsp;Nicolas Sarkozy, ingres\u00f3 este martes en la prisi\u00f3n de&nbsp;La Sant\u00e9, en Par\u00eds, para cumplir&nbsp;una condena de cinco a\u00f1os por asociaci\u00f3n il\u00edcita y financiaci\u00f3n ilegal de campa\u00f1a.<\/p>\n\n\n\n<p>Su entrada al centro penitenciario marca la primera vez en la historia reciente que un ex mandatario franc\u00e9s es encarcelado tras una sentencia penal emitida por los tribunales.<\/p>\n\n\n\n<p>A primera hora de la ma\u00f1ana,\u00a0Sarkozy\u00a0abandon\u00f3 su residencia en la capital acompa\u00f1ado por su esposa,\u00a0Carla Bruni, y su equipo de abogados. El breve trayecto hasta el penal fue seguido por un amplio operativo de seguridad y la presencia de simpatizantes, que corearon su nombre y entonaron el himno nacional desde las inmediaciones.<\/p>\n\n\n\n<p>El fallo judicial responsabiliz\u00f3 a&nbsp;Sarkozy&nbsp;de haber participado en una operaci\u00f3n para captar&nbsp;fondos no declarados provenientes del r\u00e9gimen de Muamar Gadafi&nbsp;en Libia, destinados a la campa\u00f1a electoral de 2007.<\/p>\n\n\n\n<p>El tribunal concluy\u00f3 que existi\u00f3 una estructura deliberada para canalizar&nbsp;donaciones ilegales&nbsp;hacia el financiamiento electoral, aunque no prob\u00f3 que Sarkozy personalmente recibiera o utilizara el dinero. A pesar de la condena firme, el ex presidente ha negado en todo momento haber cometido alg\u00fan delito y ha denunciado motivaciones pol\u00edticas en el proceso.<\/p>\n\n\n\n<p>[Interpol lanz\u00f3 una alerta global para hallar a los ladrones y las joyas robadas en el Louvre]<br>Te puede interesar:Interpol lanz\u00f3 una alerta global para hallar a los ladrones y las joyas robadas en el Louvre<\/p>\n\n\n\n<p>\u201cNo es un ex presidente de la Rep\u00fablica quien est\u00e1 siendo encarcelado esta ma\u00f1ana, sino un hombre inocente\u201c, expres\u00f3 Sarkozy tras su ingreso a la c\u00e1rcel.<\/p>\n\n\n\n<p>El ex mandatario calific\u00f3 el caso como un&nbsp;\u201cesc\u00e1ndalo judicial\u201d&nbsp;y afirm\u00f3 sentirse v\u00edctima de \u201cuna venganza que ha llevado el odio a un nivel sin precedentes\u201d.<\/p>\n\n\n\n<p>\u201cLa verdad triunfar\u00e1. Pero el precio a pagar habr\u00e1 sido demoledor\u201d, a\u00f1adi\u00f3.<\/p>\n\n\n\n<p>La defensa del ex presidente solicit\u00f3 libertad provisional en espera de la resoluci\u00f3n en la segunda instancia judicial. El tr\u00e1mite podr\u00eda definirse en el plazo de un mes. Mientras tanto,&nbsp;Sarkozy&nbsp;permanece recluido en una unidad de aislamiento dise\u00f1ada para personas de alto perfil, con condiciones diferenciadas que incluyen&nbsp;celda individual, ducha privada y acceso restringido a tel\u00e9fono y televisi\u00f3n.<\/p>\n\n\n\n<h2><strong>La prisi\u00f3n de La Sant\u00e9 de Par\u00eds donde Sarkozy cumplir\u00e1 su condena<\/strong><\/h2>\n\n\n\n<p>La entrada en prisi\u00f3n de&nbsp;Sarkozy&nbsp;provoc\u00f3 reacciones en todo el arco pol\u00edtico franc\u00e9s. Dirigentes del \u00e1rea conservadora y miembros del partido expresaron su apoyo y solidaridad, mientras parte de la sociedad y la opini\u00f3n p\u00fablica vieron en la medida una se\u00f1al del cambio en la aplicaci\u00f3n de la ley a los responsables pol\u00edticos.<\/p>\n\n\n\n<p>\u201cNicolas Sarkozy no es un criminal. Sentimos que el sistema judicial est\u00e1 tomando el poder, y eso no es bueno para Francia\u201d, expres\u00f3 una de las manifestantes en las puertas de La Sant\u00e9.<\/p>\n\n\n\n<p>Desde el gobierno, el presidente&nbsp;Emmanuel Macron&nbsp;mantuvo un encuentro reservado con el ex jefe de Estado en d\u00edas previos a su reclusi\u00f3n.<\/p>\n\n\n\n<p>El ministro de Justicia,&nbsp;G\u00e9rald Darmanin, anunci\u00f3 su intenci\u00f3n de visitarlo en prisi\u00f3n y defendi\u00f3 su papel como responsable de supervisar la seguridad de ex mandatarios.<\/p>\n\n\n\n<p>\u201cNo afecta de ninguna manera a la independencia de los jueces, sino que se enmarca en el deber de vigilancia del jefe de la administraci\u00f3n que yo soy, responsable ante el Parlamento seg\u00fan el art\u00edculo 20 de la Constituci\u00f3n\u201d,&nbsp;dijo.<\/p>\n\n\n\n<p>Los sectores de izquierda manifestaron cr\u00edticas frente a estos gestos, alertando sobre posibles interferencias entre los poderes del Estado.<\/p>\n\n\n\n<p>\u00daltimo conservador en presidir&nbsp;Francia&nbsp;(2007-2012), Sarkozy perdi\u00f3 influencia en la derecha tras su derrota en las primarias de 2016 y el avance de sus causas judiciales, incluido un fallo firme de un a\u00f1o de prisi\u00f3n por corrupci\u00f3n, pena que cumpli\u00f3 con brazalete electr\u00f3nico a inicios de este a\u00f1o.<\/p>\n\n\n\n<p>Nacido en Par\u00eds en 1955, Sarkozy es abogado y diplomado en ciencias pol\u00edticas, hijo de una familia de origen h\u00fangaro y jud\u00edo. A los 28 a\u00f1os fue&nbsp;alcalde de Neuilly-sur-Seine, con 33 era diputado y con 38 ministro de Presupuesto.<\/p>\n\n\n\n<p>Su carrera ascendi\u00f3 bajo el ala de&nbsp;Jacques Chirac, aunque se distanci\u00f3 de su mentor para buscar el liderazgo conservador, al que lleg\u00f3 tras imponerse en las presidenciales de 2007 frente a S\u00e9gol\u00e8ne Royal.<\/p>\n\n\n\n<p>A lo largo de su mandato impuls\u00f3 reformas laborales y de pensiones, aunque su imagen qued\u00f3 marcada por su estilo personalista y su aproximaci\u00f3n a postulados de derecha dura.<\/p>\n\n\n\n<p>Casado tres veces, la \u00faltima con la ex modelo y cantante&nbsp;Carla Bruni, es padre de cuatro hijos.<\/p>\n","protected":false},"excerpt":{"rendered":"<p>Fue trasladado bajo estrictas medidas de seguridad a la unidad penitenciaria parisina de La Sant\u00e9,&#8230;<\/p>\n","protected":false},"author":1,"featured_media":2057,"comment_status":"open","ping_status":"open","sticky":false,"template":"","format":"standard","meta":[],"categories":[1],"tags":[],"_links":{"self":[{"href":"https:\/\/neanoticias.com\/index.php\/wp-json\/wp\/v2\/posts\/2056"}],"collection":[{"href":"https:\/\/neanoticias.com\/index.php\/wp-json\/wp\/v2\/posts"}],"about":[{"href":"https:\/\/neanoticias.com\/index.php\/wp-json\/wp\/v2\/types\/post"}],"author":[{"embeddable":true,"href":"https:\/\/neanoticias.com\/index.php\/wp-json\/wp\/v2\/users\/1"}],"replies":[{"embeddable":true,"href":"https:\/\/neanoticias.com\/index.php\/wp-json\/wp\/v2\/comments?post=2056"}],"version-history":[{"count":1,"href":"https:\/\/neanoticias.com\/index.php\/wp-json\/wp\/v2\/posts\/2056\/revisions"}],"predecessor-version":[{"id":2058,"href":"https:\/\/neanoticias.com\/index.php\/wp-json\/wp\/v2\/posts\/2056\/revisions\/2058"}],"wp:featuredmedia":[{"embeddable":true,"href":"https:\/\/neanoticias.com\/index.php\/wp-json\/wp\/v2\/media\/2057"}],"wp:attachment":[{"href":"https:\/\/neanoticias.com\/index.php\/wp-json\/wp\/v2\/media?parent=2056"}],"wp:term":[{"taxonomy":"category","embeddable":true,"href":"https:\/\/neanoticias.com\/index.php\/wp-json\/wp\/v2\/categories?post=2056"},{"taxonomy":"post_tag","embeddable":true,"href":"https:\/\/neanoticias.com\/index.php\/wp-json\/wp\/v2\/tags?post=2056"}],"curies":[{"name":"wp","href":"https:\/\/api.w.org\/{rel}","templated":true}]}}