{"id":2050,"date":"2025-10-28T21:06:24","date_gmt":"2025-10-28T21:06:24","guid":{"rendered":"https:\/\/neanoticias.com\/?p=2050"},"modified":"2025-10-28T21:06:25","modified_gmt":"2025-10-28T21:06:25","slug":"renunciaron-los-abogados-de-fabiola-en-medio-de-la-disputa-con-alberto-fernandez","status":"publish","type":"post","link":"https:\/\/neanoticias.com\/index.php\/2025\/10\/28\/renunciaron-los-abogados-de-fabiola-en-medio-de-la-disputa-con-alberto-fernandez\/","title":{"rendered":"RENUNCIARON LOS ABOGADOS DE FABIOLA EN MEDIO DE LA DISPUTA CON ALBERTO FERN\u00c1NDEZ"},"content":{"rendered":"\n<p>Mariana Gallego y Mauricio D\u2019Alessandro dejaron la defensa en causas clave por alimentos y visitas de su hijo Francisco.<\/p>\n\n\n\n<p>La pelea judicial entre&nbsp;Fabiola Ya\u00f1ez&nbsp;y&nbsp;Alberto Fern\u00e1ndez&nbsp;sum\u00f3 un nuevo cap\u00edtulo este martes, cuando&nbsp;Mariana Gallego&nbsp;y&nbsp;Mauricio D\u2019Alessandro&nbsp;presentaron su renuncia&nbsp;como abogados de la ex primera dama en causas sensibles que se tramitan en la Ciudad de Buenos Aires.<\/p>\n\n\n\n<p>La salida de los abogados impact\u00f3 de lleno en el expediente civil 102, donde se discuten los&nbsp;alimentos y el r\u00e9gimen de visitas de&nbsp;Francisco, el hijo que Ya\u00f1ez tuvo con el expresidente.<\/p>\n\n\n\n<p>Adem\u00e1s, Gallego y D\u2019Alessandro tambi\u00e9n dejaron la defensa en la causa penal contravencional iniciada por Fern\u00e1ndez, que los enfrenta por el supuesto impedimento de contacto con el menor.<\/p>\n\n\n\n<p>La relaci\u00f3n entre Fabiola y sus abogados ven\u00eda tensa desde hace tiempo. Seg\u00fan trascendi\u00f3,&nbsp;Y\u00e1\u00f1ez no informaba a sus defensores sobre sus movimientos&nbsp;y manten\u00eda una comunicaci\u00f3n complicada, al punto de que los letrados se enteraron de su viaje a la Argentina por terceros.<\/p>\n\n\n\n<p>Todo indica que la situaci\u00f3n podr\u00eda agravarse y que tambi\u00e9n&nbsp;dejar\u00edan la representaci\u00f3n en la causa por violencia de g\u00e9nero.<\/p>\n\n\n\n<p>En medio de este cambio,&nbsp;Marcela de Leonardis&nbsp;y&nbsp;Mar\u00eda Eugenia Sosa,&nbsp;abogadas que supieron representar a&nbsp;Wanda Nara, asumieron la defensa de Ya\u00f1ez en el fuero civil y en la causa contravencional, al menos por ahora.<\/p>\n\n\n\n<h2><strong>Ya\u00f1ez volvi\u00f3 a la Argentina para que su hijo y Alberto Fern\u00e1ndez puedan revincularse<\/strong><\/h2>\n\n\n\n<p>La ex primera dama cont\u00f3 que durante un a\u00f1o y ocho meses el expresidente no viaj\u00f3 a Madrid para visitar al nene, pero remarc\u00f3 que&nbsp;\u201cjam\u00e1s existi\u00f3 un impedimento de contacto\u201d.<\/p>\n\n\n\n<p>Seg\u00fan relat\u00f3 ayer en&nbsp;Am\u00e9rica TV, mientras viv\u00eda en Espa\u00f1a se hab\u00edan fijado d\u00edas y lugares concretos para los encuentros. \u201cEl centro de vida de Francisco era Madrid. Su colegio, su pediatra,&nbsp;todo estaba all\u00e1\u201d, detall\u00f3.<\/p>\n\n\n\n<p>Ya\u00f1ez tambi\u00e9n habl\u00f3 de las dificultades que implica mantener el v\u00ednculo a la distancia con un ni\u00f1o. \u201cCon un nene tan chico es engorroso, porque&nbsp;si bien lo pod\u00e9s poner frente a un tel\u00e9fono un ratito, a veces no quiere o se dispersa\u201d, dijo. Seg\u00fan cont\u00f3 el expresidente hac\u00eda videollamadas con su hijo.<\/p>\n\n\n\n<p>Adem\u00e1s, aprovech\u00f3 para desmentir las versiones que aseguraban que hab\u00eda sido \u201cechada\u201d de Espa\u00f1a. \u201cNo es verdad que yo tendr\u00eda que haber vuelto por nada,&nbsp;a m\u00ed nadie me impuso, eso no es verdad. No hay ninguna cuesti\u00f3n judicial\u201d, afirm\u00f3.<\/p>\n","protected":false},"excerpt":{"rendered":"<p>Mariana Gallego y Mauricio D\u2019Alessandro dejaron la defensa en causas clave por alimentos y visitas&#8230;<\/p>\n","protected":false},"author":1,"featured_media":2051,"comment_status":"open","ping_status":"open","sticky":false,"template":"","format":"standard","meta":[],"categories":[1],"tags":[],"_links":{"self":[{"href":"https:\/\/neanoticias.com\/index.php\/wp-json\/wp\/v2\/posts\/2050"}],"collection":[{"href":"https:\/\/neanoticias.com\/index.php\/wp-json\/wp\/v2\/posts"}],"about":[{"href":"https:\/\/neanoticias.com\/index.php\/wp-json\/wp\/v2\/types\/post"}],"author":[{"embeddable":true,"href":"https:\/\/neanoticias.com\/index.php\/wp-json\/wp\/v2\/users\/1"}],"replies":[{"embeddable":true,"href":"https:\/\/neanoticias.com\/index.php\/wp-json\/wp\/v2\/comments?post=2050"}],"version-history":[{"count":1,"href":"https:\/\/neanoticias.com\/index.php\/wp-json\/wp\/v2\/posts\/2050\/revisions"}],"predecessor-version":[{"id":2052,"href":"https:\/\/neanoticias.com\/index.php\/wp-json\/wp\/v2\/posts\/2050\/revisions\/2052"}],"wp:featuredmedia":[{"embeddable":true,"href":"https:\/\/neanoticias.com\/index.php\/wp-json\/wp\/v2\/media\/2051"}],"wp:attachment":[{"href":"https:\/\/neanoticias.com\/index.php\/wp-json\/wp\/v2\/media?parent=2050"}],"wp:term":[{"taxonomy":"category","embeddable":true,"href":"https:\/\/neanoticias.com\/index.php\/wp-json\/wp\/v2\/categories?post=2050"},{"taxonomy":"post_tag","embeddable":true,"href":"https:\/\/neanoticias.com\/index.php\/wp-json\/wp\/v2\/tags?post=2050"}],"curies":[{"name":"wp","href":"https:\/\/api.w.org\/{rel}","templated":true}]}}