{"id":2031,"date":"2025-10-28T20:54:00","date_gmt":"2025-10-28T20:54:00","guid":{"rendered":"https:\/\/neanoticias.com\/?p=2031"},"modified":"2025-10-28T20:54:01","modified_gmt":"2025-10-28T20:54:01","slug":"horror-en-reconquista-mato-a-su-ex-pareja-y-a-un-amigo-en-una-fiesta-en-su-casa","status":"publish","type":"post","link":"https:\/\/neanoticias.com\/index.php\/2025\/10\/28\/horror-en-reconquista-mato-a-su-ex-pareja-y-a-un-amigo-en-una-fiesta-en-su-casa\/","title":{"rendered":"HORROR EN RECONQUISTA: MAT\u00d3 A SU EX PAREJA Y A UN AMIGO EN UNA FIESTA EN SU CASA"},"content":{"rendered":"\n<p>Las v\u00edctimas fueron identificadas como Carol Mar\u00eda Aldana Mora, de 21 a\u00f1os, y Mart\u00edn Am\u00edlcar Blanco, de 36. Hern\u00e1n Efra\u00edn Imhoff intent\u00f3 deshacerse del cuerpo de la joven en una zona rural. Fue detenido<\/p>\n\n\n\n<p>Un doble crimen conmocion\u00f3 a la ciudad santafesina de&nbsp;Reconquista&nbsp;en las \u00faltimas horas, luego de que&nbsp;Carol Mar\u00eda Aldana Mora, de 21 a\u00f1os, y&nbsp;Mart\u00edn Am\u00edlcar Blanco, de 36, fueran asesinados tras una&nbsp;fiesta&nbsp;que se realiz\u00f3 en la casa de&nbsp;Hern\u00e1n Efra\u00edn Imhoff, un hombre de 48 a\u00f1os y due\u00f1o de una f\u00e1brica de aberturas de la zona que qued\u00f3 detenido.<\/p>\n\n\n\n<p>Las autoridades empezaron a tomar conocimiento del hecho el domingo por la noche, cerca de las 22. Fue la madre de Imhoff quien alert\u00f3 a la Polic\u00eda de Santa Fe luego de que\u00a0su hijo le confesara lo que hab\u00eda sucedido un rato antes.<\/p>\n\n\n\n<p>As\u00ed se puso en marcha una investigaci\u00f3n y se recabaron datos hasta que, durante la tarde de este lunes, la Justicia orden\u00f3 allanar el domicilio del sospechoso.<\/p>\n\n\n\n<p>Cuando los agentes llegaron a la vivienda, ubicada en la calle Misiones al 2700, encontraron a&nbsp;Blanco muerto con heridas de arma de fuego, en medio de una escena dantesca:&nbsp;Imhoff estaba all\u00ed y qued\u00f3 detenido.<\/p>\n\n\n\n<p>En el lugar, adem\u00e1s, los polic\u00edas secuestraron tres armas de fuego y diversos proyectiles. Los fiscales&nbsp;Sebasti\u00e1n Galleano, Juan Marichal y Luciana Chiavarini&nbsp;estuvieron presentes.<\/p>\n\n\n\n<p>Sin embargo,&nbsp;no hab\u00eda rastros de Carol, quien ya ven\u00eda siendo buscada por sus familiares. El cuerpo de la joven finalmente apareci\u00f3 poco despu\u00e9s en inmediaciones de&nbsp;Paraje El Carmen, muy cerca de la Ruta Provincial 31 S, en una zona rural de la localidad vecina de Avellaneda.<\/p>\n\n\n\n<p>El fiscal regional&nbsp;Rub\u00e9n Mart\u00ednez, en declaraciones a&nbsp;Aire de Santa Fe, explic\u00f3 qu\u00e9 pudo haber pasado, seg\u00fan las informaciones recolectadas hasta este martes. Indic\u00f3 que en la vivienda de Imhoff&nbsp;se realiz\u00f3 una \u201cfiesta\u201d&nbsp;que se extendi\u00f3 desde el viernes hasta el domingo, con cinco personas presentes y&nbsp;consumo de sustancias.<\/p>\n\n\n\n<p>En ese marco ocurrieron los cr\u00edmenes de Carol y Mart\u00edn. La hip\u00f3tesis es que, durante la madrugada del lunes, Imhoff intent\u00f3 deshacerse del cuerpo de Carol&nbsp;traslad\u00e1ndola en el ba\u00fal de su auto hasta el campo, mientras que los restos de Mart\u00edn permanecieron en la casa.<\/p>\n\n\n\n<p>\u201cAparentemente, tambi\u00e9n intent\u00f3 descartar el cad\u00e1ver, pero no logr\u00f3 su cometido. No sabemos por qu\u00e9\u201d, dijo el fiscal regional.<\/p>\n\n\n\n<p>Respecto de las otras dos personas que participaron de la reuni\u00f3n,&nbsp;fueron demoradas, pero ya recuperaron la libertad&nbsp;en el transcurso de este martes. La Justicia retuvo sus tel\u00e9fonos y ser\u00e1n citadas en principio como testigos, de acuerdo a fuentes judiciales.<\/p>\n\n\n\n<p>Esta ma\u00f1ana se realizaron las autopsias sobre ambos cuerpos, aunque a\u00fan no se conocieron los resultados.&nbsp;Imhoff ser\u00e1 imputado formalmente en las pr\u00f3ximas horas.<\/p>\n\n\n\n<h2><strong>Las v\u00edctimas<\/strong><\/h2>\n\n\n\n<p>\u201cEs posible que la muerte de la mujer se trate de un&nbsp;femicidio, hay declaraciones que refieren que&nbsp;eran pareja\u201d, sostuvo el fiscal Mart\u00ednez con respecto al detenido. Si bien no constaban denuncias formales de amenazas recientes, los allegados a Carol mencionaron&nbsp;episodios previos de acoso y una relaci\u00f3n intermitente&nbsp;con el acusado.<\/p>\n\n\n\n<p>La joven era madre de una nena de cuatro a\u00f1os. Sus restos son velados este martes y ser\u00e1n trasladados ma\u00f1ana al cementerio local. Su t\u00eda expres\u00f3: \u201cHija m\u00eda de mi coraz\u00f3n, mi adorada sobrina, cu\u00e1nto dolor has dejado en nuestro coraz\u00f3n&#8230; No hay consuelo, no hay motivo de que un loco te quite la vida\u201d.<\/p>\n\n\n\n<p>Mientras que una amiga la record\u00f3: \u201cUna persona tan buena y con un coraz\u00f3n de oro. Tan simp\u00e1tica y tan vos. No caigo todav\u00eda, negra, sigo helada por la noticia. Espero se haga justicia\u201d.<\/p>\n\n\n\n<p>Mart\u00edn Blanco, por su parte,&nbsp;era trabajador metal\u00fargico. Lo conoc\u00edan como&nbsp;\u201cPin\u201d o \u201cLim\u00f3n\u201d&nbsp;y&nbsp;hab\u00eda participado en la liga regional&nbsp;con los clubes Atl\u00e9tico Adelante y Alumni de Reconquista.<\/p>\n\n\n\n<p>Precisamente, desde Alumni lamentaron: \u201cDespedimos con profundo dolor a Mart\u00edn \u2018Pin\u2019 Blanco, ex jugador de nuestro querido club. Gracias por tu entrega y por haber sido parte de nuestra historia. Que en paz descanses\u201d.<\/p>\n\n\n\n<p>El hermano de Mart\u00edn tambi\u00e9n le dedic\u00f3 unas palabras en&nbsp;Facebook, donde escribi\u00f3: \u201cSe fueron una parte de mi hermano, no encuentro palabras para nada, ni consolaci\u00f3n&#8230; Sufriste mucho, pero no merec\u00edas irte as\u00ed. Tu nombre y tu ser de persona ser\u00e1 eterno\u201d.<\/p>\n\n\n\n<p>Desde la&nbsp;Asamblea Ni Una Menos Santa Fe&nbsp;convocaron a una&nbsp;marcha de antorchas&nbsp;para esta tarde. Ser\u00e1 a las 18, partiendo desde la sede municipal, en Salta 2950, hacia la Casa de Gobierno.<\/p>\n\n\n\n<p>\u201cAnte el incremento de la violencia y los femicidios, exigimos una respuesta inmediata del Estado Municipal y Provincial. \u00a1Pol\u00edticas p\u00fablicas YA!\u201c, dice el reclamo.<\/p>\n","protected":false},"excerpt":{"rendered":"<p>Las v\u00edctimas fueron identificadas como Carol Mar\u00eda Aldana Mora, de 21 a\u00f1os, y Mart\u00edn Am\u00edlcar&#8230;<\/p>\n","protected":false},"author":1,"featured_media":2032,"comment_status":"open","ping_status":"open","sticky":false,"template":"","format":"standard","meta":[],"categories":[1],"tags":[],"_links":{"self":[{"href":"https:\/\/neanoticias.com\/index.php\/wp-json\/wp\/v2\/posts\/2031"}],"collection":[{"href":"https:\/\/neanoticias.com\/index.php\/wp-json\/wp\/v2\/posts"}],"about":[{"href":"https:\/\/neanoticias.com\/index.php\/wp-json\/wp\/v2\/types\/post"}],"author":[{"embeddable":true,"href":"https:\/\/neanoticias.com\/index.php\/wp-json\/wp\/v2\/users\/1"}],"replies":[{"embeddable":true,"href":"https:\/\/neanoticias.com\/index.php\/wp-json\/wp\/v2\/comments?post=2031"}],"version-history":[{"count":1,"href":"https:\/\/neanoticias.com\/index.php\/wp-json\/wp\/v2\/posts\/2031\/revisions"}],"predecessor-version":[{"id":2033,"href":"https:\/\/neanoticias.com\/index.php\/wp-json\/wp\/v2\/posts\/2031\/revisions\/2033"}],"wp:featuredmedia":[{"embeddable":true,"href":"https:\/\/neanoticias.com\/index.php\/wp-json\/wp\/v2\/media\/2032"}],"wp:attachment":[{"href":"https:\/\/neanoticias.com\/index.php\/wp-json\/wp\/v2\/media?parent=2031"}],"wp:term":[{"taxonomy":"category","embeddable":true,"href":"https:\/\/neanoticias.com\/index.php\/wp-json\/wp\/v2\/categories?post=2031"},{"taxonomy":"post_tag","embeddable":true,"href":"https:\/\/neanoticias.com\/index.php\/wp-json\/wp\/v2\/tags?post=2031"}],"curies":[{"name":"wp","href":"https:\/\/api.w.org\/{rel}","templated":true}]}}