{"id":2022,"date":"2025-10-28T20:50:38","date_gmt":"2025-10-28T20:50:38","guid":{"rendered":"https:\/\/neanoticias.com\/?p=2022"},"modified":"2025-10-28T20:50:39","modified_gmt":"2025-10-28T20:50:39","slug":"ursula-corbero-mostro-con-felicidad-el-avance-de-su-embarazo","status":"publish","type":"post","link":"https:\/\/neanoticias.com\/index.php\/2025\/10\/28\/ursula-corbero-mostro-con-felicidad-el-avance-de-su-embarazo\/","title":{"rendered":"\u00daRSULA CORBER\u00d3 MOSTR\u00d3 CON FELICIDAD EL AVANCE DE SU EMBARAZO"},"content":{"rendered":"\n<p>La actriz espa\u00f1ola, que lleg\u00f3 la semana pasada a Buenos Aires y espera su primer hijo junto al Chino Dar\u00edn, public\u00f3 una fotograf\u00eda donde dej\u00f3 que asomara su panza<\/p>\n\n\n\n<p>La reciente estancia de\u00a0\u00darsula Corber\u00f3\u00a0en\u00a0Buenos Aires\u00a0ha intensificado las conjeturas sobre el lugar de nacimiento de su primer hijo junto a\u00a0Chino Dar\u00edn, una decisi\u00f3n que la pareja a\u00fan no ha confirmado. La actriz, reconocida por su papel en\u00a0La casa de papel, comparti\u00f3 en sus redes sociales una imagen que refleja su estado de \u00e1nimo durante el embarazo: en la fotograf\u00eda, su abdomen aparece parcialmente cubierto por una camiseta blanca levantada, mientras sobre la piel se lee en letras may\u00fasculas la expresi\u00f3n\u00a0\u201cHUHUHU\u201d. El encuadre, que no muestra su rostro, permite identificarla por el contexto y revela detalles del entorno, como una alfombra blanca, una mesa de madera y el suelo de parquet, adem\u00e1s de sus piernas vestidas con un pantal\u00f3n verde oliva.<\/p>\n\n\n\n<p>Durante su visita a la capital argentina,&nbsp;Corber\u00f3&nbsp;fue vista en una cafeter\u00eda del barrio de Colegiales, cerca de Palermo, seg\u00fan registraron las c\u00e1maras de&nbsp;Teleshow. En esa ocasi\u00f3n, opt\u00f3 por un atuendo completamente negro, compuesto por una remera de manga corta, pantal\u00f3n ajustado y zapatillas a juego. Llev\u00f3 el cabello recogido en un rodete alto y luci\u00f3 sus caracter\u00edsticos lentes oscuros, consolidando un estilo urbano y discreto. Mientras disfrutaba de un licuado de frutas, la actriz mantuvo el perfil bajo que la distingue, en una jornada marcada por las temperaturas primaverales de la ciudad.<\/p>\n\n\n\n<p>El anuncio del embarazo se produjo el 9 de septiembre,&nbsp;cuando&nbsp;Corber\u00f3&nbsp;public\u00f3 en su cuenta de Instagram una fotograf\u00eda en la que posa con un vestido blanco y la mano sobre el vientre, acompa\u00f1ada por la frase&nbsp;\u201cEsto no es IA\u201d. La pareja, que lleva casi diez a\u00f1os de relaci\u00f3n, eligi\u00f3 una comunicaci\u00f3n directa y espont\u00e1nea, sin recurrir a comunicados oficiales ni declaraciones formales. La noticia gener\u00f3 una reacci\u00f3n inmediata en redes sociales:&nbsp;Chino Dar\u00edn&nbsp;replic\u00f3 la imagen en sus historias, a\u00f1adiendo emojis de corazones y signos de felicidad. Figuras del espect\u00e1culo como&nbsp;Emilia Mernes,&nbsp;Lali Esp\u00f3sito,&nbsp;Dolores Fonzi&nbsp;y&nbsp;Zaira Nara&nbsp;enviaron mensajes de felicitaci\u00f3n. Entre los saludos, destac\u00f3 el de&nbsp;Florencia Bas, madre de&nbsp;Chino Dar\u00edn, quien escribi\u00f3:&nbsp;\u201cMe explota el coraz\u00f3n de alegr\u00eda y amor! Los amo con mi vida a los tres\u201d.<\/p>\n\n\n\n<p>En una entrevista con&nbsp;Andy Kusnetzoff,&nbsp;Ricardo Dar\u00edn&nbsp;relat\u00f3 c\u00f3mo recibi\u00f3 la noticia de que ser\u00eda abuelo:&nbsp;\u201cMe lo cont\u00f3 normal, como suelen ocurrir estas cosas, esperamos al tercer mes que implica la prudencia, estamos expectantes y muy felices, con los estudios y ecograf\u00edas\u201d, expres\u00f3, transmitiendo la serenidad y el entusiasmo que acompa\u00f1aron los primeros meses del embarazo.<\/p>\n\n\n\n<p>Desde el inicio de su relaci\u00f3n,&nbsp;Corber\u00f3&nbsp;y&nbsp;Dar\u00edn&nbsp;han preservado la privacidad de su vida en com\u00fan, permitiendo solo breves destellos de intimidad a trav\u00e9s de las redes sociales. En entrevistas previas, la actriz record\u00f3 el primer encuentro con&nbsp;Chino Dar\u00edn&nbsp;durante el rodaje de&nbsp;La Embajada. En di\u00e1logo con&nbsp;Susana Gim\u00e9nez, rememor\u00f3 la frase con la que se presentaron:&nbsp;\u201cHola, soy tu novia\u201d. A partir de ese momento, los compromisos laborales y los viajes frecuentes fortalecieron el v\u00ednculo, que se consolid\u00f3 en el entorno familiar de los&nbsp;Dar\u00edn.<\/p>\n\n\n\n<p>Pocos d\u00edas despu\u00e9s del anuncio,&nbsp;Corber\u00f3&nbsp;comparti\u00f3 una selfie frente al espejo en la que mostraba su embarazo y el mensaje&nbsp;\u201cBye London\u201d. La publicaci\u00f3n recibi\u00f3 miles de interacciones y mensajes positivos de seguidores y allegados, reflejando el impacto de la noticia y la continuidad de sus actividades profesionales.<\/p>\n\n\n\n<p>El 7 de octubre, la actriz particip\u00f3 en el desfile de&nbsp;Chanel&nbsp;durante la Semana de la Moda de Par\u00eds. Su presencia gener\u00f3 amplia repercusi\u00f3n medi\u00e1tica. Para la ocasi\u00f3n, eligi\u00f3 un top halter de gasa off white con abertura frontal y pantal\u00f3n negro de tiro bajo, un conjunto que resalt\u00f3 su embarazo. El estilismo, complementado con maquillaje natural, labios nude, cabello suelto y la ausencia de accesorios llamativos, fue elogiado por especialistas y asistentes, reafirmando su posici\u00f3n como referente en la industria de la moda.<\/p>\n","protected":false},"excerpt":{"rendered":"<p>La actriz espa\u00f1ola, que lleg\u00f3 la semana pasada a Buenos Aires y espera su primer&#8230;<\/p>\n","protected":false},"author":1,"featured_media":2023,"comment_status":"open","ping_status":"open","sticky":false,"template":"","format":"standard","meta":[],"categories":[1],"tags":[],"_links":{"self":[{"href":"https:\/\/neanoticias.com\/index.php\/wp-json\/wp\/v2\/posts\/2022"}],"collection":[{"href":"https:\/\/neanoticias.com\/index.php\/wp-json\/wp\/v2\/posts"}],"about":[{"href":"https:\/\/neanoticias.com\/index.php\/wp-json\/wp\/v2\/types\/post"}],"author":[{"embeddable":true,"href":"https:\/\/neanoticias.com\/index.php\/wp-json\/wp\/v2\/users\/1"}],"replies":[{"embeddable":true,"href":"https:\/\/neanoticias.com\/index.php\/wp-json\/wp\/v2\/comments?post=2022"}],"version-history":[{"count":1,"href":"https:\/\/neanoticias.com\/index.php\/wp-json\/wp\/v2\/posts\/2022\/revisions"}],"predecessor-version":[{"id":2024,"href":"https:\/\/neanoticias.com\/index.php\/wp-json\/wp\/v2\/posts\/2022\/revisions\/2024"}],"wp:featuredmedia":[{"embeddable":true,"href":"https:\/\/neanoticias.com\/index.php\/wp-json\/wp\/v2\/media\/2023"}],"wp:attachment":[{"href":"https:\/\/neanoticias.com\/index.php\/wp-json\/wp\/v2\/media?parent=2022"}],"wp:term":[{"taxonomy":"category","embeddable":true,"href":"https:\/\/neanoticias.com\/index.php\/wp-json\/wp\/v2\/categories?post=2022"},{"taxonomy":"post_tag","embeddable":true,"href":"https:\/\/neanoticias.com\/index.php\/wp-json\/wp\/v2\/tags?post=2022"}],"curies":[{"name":"wp","href":"https:\/\/api.w.org\/{rel}","templated":true}]}}