{"id":202,"date":"2022-09-26T15:13:18","date_gmt":"2022-09-26T15:13:18","guid":{"rendered":"https:\/\/neanoticias.com\/?p=202"},"modified":"2022-09-26T15:13:20","modified_gmt":"2022-09-26T15:13:20","slug":"tassano-el-festival-primaveral-fue-todo-un-exito","status":"publish","type":"post","link":"https:\/\/neanoticias.com\/index.php\/2022\/09\/26\/tassano-el-festival-primaveral-fue-todo-un-exito\/","title":{"rendered":"TASSANO: \u201cEL FESTIVAL PRIMAVERAL FUE TODO UN \u00c9XITO\u201d"},"content":{"rendered":"\n<p>Al ritmo de la batucada, la movida tropical y el entusiasmo de las familias, la Municipalidad de Corrientes desarroll\u00f3 un gran espect\u00e1culo cultural y musical en la noche de este viernes para recibir a la estaci\u00f3n m\u00e1s colorida.<\/p>\n\n\n\n<figure class=\"wp-block-image size-large\"><img loading=\"lazy\" width=\"1024\" height=\"658\" src=\"https:\/\/neanoticias.com\/wp-content\/uploads\/2022\/09\/1_207-1024x658.jpg\" alt=\"\" class=\"wp-image-203\" srcset=\"https:\/\/neanoticias.com\/wp-content\/uploads\/2022\/09\/1_207-1024x658.jpg 1024w, https:\/\/neanoticias.com\/wp-content\/uploads\/2022\/09\/1_207-300x193.jpg 300w, https:\/\/neanoticias.com\/wp-content\/uploads\/2022\/09\/1_207-768x494.jpg 768w, https:\/\/neanoticias.com\/wp-content\/uploads\/2022\/09\/1_207-1115x715.jpg 1115w, https:\/\/neanoticias.com\/wp-content\/uploads\/2022\/09\/1_207.jpg 1140w\" sizes=\"(max-width: 1024px) 100vw, 1024px\" \/><\/figure>\n\n\n\n<p>\u201cFestival de la primavera para toda la familia\u201d fue la propuesta desarrollada en un anfiteatro Mario del Tr\u00e1nsito Cocomarola colmado de un p\u00fablico que no dej\u00f3 de bailar y acompa\u00f1ar cada uno de los cuadros ofrecidos.<\/p>\n\n\n\n<figure class=\"wp-block-embed is-type-video is-provider-youtube wp-block-embed-youtube wp-embed-aspect-16-9 wp-has-aspect-ratio\"><div class=\"wp-block-embed__wrapper\">\n<iframe loading=\"lazy\" title=\"Tassano: \u201cEl Festival Primaveral fue todo un \u00e9xito\u201d\" width=\"640\" height=\"360\" src=\"https:\/\/www.youtube.com\/embed\/n04VpFUUVvs?feature=oembed\" frameborder=\"0\" allow=\"accelerometer; autoplay; clipboard-write; encrypted-media; gyroscope; picture-in-picture\" allowfullscreen><\/iframe>\n<\/div><\/figure>\n\n\n\n<p>El intendente Eduardo Tassano acompa\u00f1\u00f3 el espect\u00e1culo, acompa\u00f1ado por sus pares de distintas ciudades del pa\u00eds, que participaron durante la jornada del Encuentro de Intendentes \u201cCamino Federal Hacia la Cumbre Mundial C40\u201d. Tassano: \u201cEl Festival Primaveral fue todo un \u00e9xito\u201d, celebr\u00f3 el intendente, quien en la ocasi\u00f3n asisti\u00f3 junto a los secretarios de Cultura y Educaci\u00f3n, Jos\u00e9 Sand; de Coordinaci\u00f3n de Gobierno, Hugo Calvano; y de Desarrollo Humano, Cristian Guastavino. \u201cNosotros tenemos muchas acciones dirigidas a los j\u00f3venes. Este a\u00f1o llevamos adelante el Mes de la Juventud, en el que enmarcamos este evento; pero tambi\u00e9n este es un d\u00eda especial, ya que ha sido el d\u00eda de la precumbre C40 en Corrientes, que fue un trabajo muy importante, as\u00ed que quer\u00edamos tener tambi\u00e9n un evento importante a la noche, as\u00ed que lo canalizamos por este lado, recibiendo la primavera\u201d, dijo Tassano en la oportunidad.<\/p>\n","protected":false},"excerpt":{"rendered":"<p>Al ritmo de la batucada, la movida tropical y el entusiasmo de las familias, la&#8230;<\/p>\n","protected":false},"author":1,"featured_media":203,"comment_status":"open","ping_status":"open","sticky":false,"template":"","format":"standard","meta":[],"categories":[1],"tags":[],"_links":{"self":[{"href":"https:\/\/neanoticias.com\/index.php\/wp-json\/wp\/v2\/posts\/202"}],"collection":[{"href":"https:\/\/neanoticias.com\/index.php\/wp-json\/wp\/v2\/posts"}],"about":[{"href":"https:\/\/neanoticias.com\/index.php\/wp-json\/wp\/v2\/types\/post"}],"author":[{"embeddable":true,"href":"https:\/\/neanoticias.com\/index.php\/wp-json\/wp\/v2\/users\/1"}],"replies":[{"embeddable":true,"href":"https:\/\/neanoticias.com\/index.php\/wp-json\/wp\/v2\/comments?post=202"}],"version-history":[{"count":1,"href":"https:\/\/neanoticias.com\/index.php\/wp-json\/wp\/v2\/posts\/202\/revisions"}],"predecessor-version":[{"id":204,"href":"https:\/\/neanoticias.com\/index.php\/wp-json\/wp\/v2\/posts\/202\/revisions\/204"}],"wp:featuredmedia":[{"embeddable":true,"href":"https:\/\/neanoticias.com\/index.php\/wp-json\/wp\/v2\/media\/203"}],"wp:attachment":[{"href":"https:\/\/neanoticias.com\/index.php\/wp-json\/wp\/v2\/media?parent=202"}],"wp:term":[{"taxonomy":"category","embeddable":true,"href":"https:\/\/neanoticias.com\/index.php\/wp-json\/wp\/v2\/categories?post=202"},{"taxonomy":"post_tag","embeddable":true,"href":"https:\/\/neanoticias.com\/index.php\/wp-json\/wp\/v2\/tags?post=202"}],"curies":[{"name":"wp","href":"https:\/\/api.w.org\/{rel}","templated":true}]}}