{"id":2013,"date":"2025-10-28T20:45:51","date_gmt":"2025-10-28T20:45:51","guid":{"rendered":"https:\/\/neanoticias.com\/?p=2013"},"modified":"2025-10-28T20:45:52","modified_gmt":"2025-10-28T20:45:52","slug":"volco-un-micro-con-hinchas-de-flamengo-rumbo-a-buenos-aires","status":"publish","type":"post","link":"https:\/\/neanoticias.com\/index.php\/2025\/10\/28\/volco-un-micro-con-hinchas-de-flamengo-rumbo-a-buenos-aires\/","title":{"rendered":"VOLC\u00d3 UN MICRO CON HINCHAS DE FLAMENGO RUMBO A BUENOS AIRES"},"content":{"rendered":"\n<p>El accidente ocurri\u00f3 en la autopista Presidente Dutra, en R\u00edo de Janeiro. El \u00f3mnibus transportaba torcedores hacia la semifinal de la Libertadores ante Racing<\/p>\n\n\n\n<p>Un\u00a0<strong>micro que transportaba hinchas del\u00a0Flamengo<\/strong>\u00a0hacia Buenos Aires volc\u00f3 en la autopista Presidente Dutra, en el Estado de R\u00edo de Janeiro. El siniestro\u00a0<strong>dej\u00f3 16 heridos<\/strong>, tres de ellos en estado grave, aunque ninguno con riesgo de vida. Los torcedores viajaban para presenciar la semifinal de la\u00a0Copa Libertadores\u00a0ante\u00a0Racing<\/p>\n\n\n\n<h2><strong>Volc\u00f3 un micro con hinchas de Flamengo rumbo a Buenos Aires: hay tres heridos graves<\/strong><\/h2>\n\n\n\n<p>El hecho ocurri\u00f3 este&nbsp;<strong>lunes por la ma\u00f1ana en la&nbsp;autopista Presidente Dutra<\/strong>, a la altura del municipio de&nbsp;Barra Mansa, en el Estado de&nbsp;R\u00edo de Janeiro, cuando uno de los micros que trasladaba simpatizantes del&nbsp;Flamengo&nbsp;rumbo a Buenos Aires&nbsp;perdi\u00f3 el control y volc\u00f3.<\/p>\n\n\n\n<p>Seg\u00fan confirmaron fuentes de la\u00a0Polic\u00eda Federal de Carreteras, el siniestro\u00a0<strong>dej\u00f3\u00a016 heridos, de los cuales\u00a0tres se encuentran en estado grave<\/strong>, aunque fuera de peligro. Las autoridades a\u00fan no brindaron detalles sobre los diagn\u00f3sticos ni sobre las causas del accidente. En el lugar trabajaron efectivos del\u00a0Centro de Control Operacional de RioSP, el\u00a0Departamento de Bomberos\u00a0y equipos de rescate que trasladaron a los lesionados a hospitales cercanos.<\/p>\n\n\n\n<p>Los torcedores del Meng\u00e3o viajaban para presenciar el partido de&nbsp;vuelta de la&nbsp;<strong>semifinal de la Copa Libertadores<\/strong>, que se disputar\u00e1 el&nbsp;mi\u00e9rcoles a las 21.30&nbsp;en el&nbsp;Cilindro de Avellaneda, frente a&nbsp;Racing. El contingente hab\u00eda salido desde&nbsp;R\u00edo de Janeiro en cinco micros, aunque solo uno de ellos fue el que protagoniz\u00f3 el vuelco. Tras el accidente, los dem\u00e1s veh\u00edculos detuvieron su marcha para asistir a los heridos y acompa\u00f1ar el operativo de rescate.<\/p>\n\n\n\n<p><strong>El club&nbsp;Flamengo&nbsp;a\u00fan no emiti\u00f3 un comunicado oficial<\/strong>&nbsp;en sus redes sociales, pero medios brasile\u00f1os aseguran que directivos de la instituci\u00f3n est\u00e1n en contacto con las autoridades locales para brindar asistencia a los hinchas accidentados de la manera m\u00e1s rapida posible.<\/p>\n","protected":false},"excerpt":{"rendered":"<p>El accidente ocurri\u00f3 en la autopista Presidente Dutra, en R\u00edo de Janeiro. El \u00f3mnibus transportaba&#8230;<\/p>\n","protected":false},"author":1,"featured_media":2014,"comment_status":"open","ping_status":"open","sticky":false,"template":"","format":"standard","meta":[],"categories":[1],"tags":[],"_links":{"self":[{"href":"https:\/\/neanoticias.com\/index.php\/wp-json\/wp\/v2\/posts\/2013"}],"collection":[{"href":"https:\/\/neanoticias.com\/index.php\/wp-json\/wp\/v2\/posts"}],"about":[{"href":"https:\/\/neanoticias.com\/index.php\/wp-json\/wp\/v2\/types\/post"}],"author":[{"embeddable":true,"href":"https:\/\/neanoticias.com\/index.php\/wp-json\/wp\/v2\/users\/1"}],"replies":[{"embeddable":true,"href":"https:\/\/neanoticias.com\/index.php\/wp-json\/wp\/v2\/comments?post=2013"}],"version-history":[{"count":1,"href":"https:\/\/neanoticias.com\/index.php\/wp-json\/wp\/v2\/posts\/2013\/revisions"}],"predecessor-version":[{"id":2015,"href":"https:\/\/neanoticias.com\/index.php\/wp-json\/wp\/v2\/posts\/2013\/revisions\/2015"}],"wp:featuredmedia":[{"embeddable":true,"href":"https:\/\/neanoticias.com\/index.php\/wp-json\/wp\/v2\/media\/2014"}],"wp:attachment":[{"href":"https:\/\/neanoticias.com\/index.php\/wp-json\/wp\/v2\/media?parent=2013"}],"wp:term":[{"taxonomy":"category","embeddable":true,"href":"https:\/\/neanoticias.com\/index.php\/wp-json\/wp\/v2\/categories?post=2013"},{"taxonomy":"post_tag","embeddable":true,"href":"https:\/\/neanoticias.com\/index.php\/wp-json\/wp\/v2\/tags?post=2013"}],"curies":[{"name":"wp","href":"https:\/\/api.w.org\/{rel}","templated":true}]}}