{"id":2010,"date":"2025-10-28T20:45:10","date_gmt":"2025-10-28T20:45:10","guid":{"rendered":"https:\/\/neanoticias.com\/?p=2010"},"modified":"2025-10-28T20:45:10","modified_gmt":"2025-10-28T20:45:10","slug":"virginia-gallardo-fue-electa-diputada-y-respondio-las-criticas","status":"publish","type":"post","link":"https:\/\/neanoticias.com\/index.php\/2025\/10\/28\/virginia-gallardo-fue-electa-diputada-y-respondio-las-criticas\/","title":{"rendered":"VIRGINIA GALLARDO FUE ELECTA DIPUTADA Y RESPONDI\u00d3 LAS CR\u00cdTICAS"},"content":{"rendered":"\n<p>La diputada electa por Corrientes habl\u00f3 con sus excompa\u00f1eros de Mujeres Argentinas y explic\u00f3 c\u00f3mo procesa los repudios.<\/p>\n\n\n\n<p>Uno de los batacazos del domingo fue la\u00a0consagraci\u00f3n de\u00a0<strong>Virginia Gallardo\u00a0<\/strong>como\u00a0<strong>diputada nacional\u00a0por Corrientes<\/strong>, donde qued\u00f3 a un punto del primer puesto, y la exnovia de\u00a0Ricardo Fort\u00a0reaccion\u00f3 a las\u00a0cr\u00edticas que le hab\u00edan hecho\u00a0cuando se supo que saltaba a la pol\u00edtica.<\/p>\n\n\n\n<p><strong>\u201cYo lo tomo como aprendizaje para los dem\u00e1s\u201d<\/strong>, comenz\u00f3 la expanelista de&nbsp;Mujeres Argentinas&nbsp;en di\u00e1logo con el programa, en alusi\u00f3n a la&nbsp;<strong>subestimaci\u00f3n<\/strong>&nbsp;que padeci\u00f3.<\/p>\n\n\n\n<p>Entonces continu\u00f3: \u201cSi bien son frases armadas, de verdad&nbsp;<strong>somos arquitectos de nuestro destino<\/strong>\u201d.<\/p>\n\n\n\n<p><strong>\u201cNo escuchen las cr\u00edticas. Yo crec\u00ed con la cr\u00edtica. Me expuse a la votaci\u00f3n popular toda mi vida, desde los reinados en Corrientes, los programas de televisi\u00f3n, a candidatura hoy\u201d<\/strong>, exclam\u00f3.<\/p>\n\n\n\n<p>Y enfatiz\u00f3: \u201cYo siempre me pongo a disposici\u00f3n de que la gente haga conmigo lo que quiera. Por eso voy muy tranquila por la vida.<strong>&nbsp;Siempre s\u00ed a la cr\u00edtica constructiva. No a la violencia<\/strong>\u201d.<\/p>\n\n\n\n<h2><strong>El camino al congreso nacional<\/strong><\/h2>\n\n\n\n<p>\u201cHa sido todo tan vertiginoso para m\u00ed. \u00a1Como la Argentina en la que vivimos!&nbsp;<strong>De un d\u00eda para el otro fue un nuevo proyecto, y en un mes y medio&#8230;. \u00a1ganamos y entramos!<\/strong>\u201d, admiti\u00f3.<\/p>\n\n\n\n<p>\u201cQuiero aprovechar, agradecer por la confianza tanto a Javier como al partido, porque era algo impensado. (&#8230;) Yo confiaba porque soy de ac\u00e1 Porque<strong>&nbsp;las provincias son diferentes<\/strong>\u201d, cerr\u00f3 Virginia Gallardo.<\/p>\n","protected":false},"excerpt":{"rendered":"<p>La diputada electa por Corrientes habl\u00f3 con sus excompa\u00f1eros de Mujeres Argentinas y explic\u00f3 c\u00f3mo&#8230;<\/p>\n","protected":false},"author":1,"featured_media":2011,"comment_status":"open","ping_status":"open","sticky":false,"template":"","format":"standard","meta":[],"categories":[1],"tags":[],"_links":{"self":[{"href":"https:\/\/neanoticias.com\/index.php\/wp-json\/wp\/v2\/posts\/2010"}],"collection":[{"href":"https:\/\/neanoticias.com\/index.php\/wp-json\/wp\/v2\/posts"}],"about":[{"href":"https:\/\/neanoticias.com\/index.php\/wp-json\/wp\/v2\/types\/post"}],"author":[{"embeddable":true,"href":"https:\/\/neanoticias.com\/index.php\/wp-json\/wp\/v2\/users\/1"}],"replies":[{"embeddable":true,"href":"https:\/\/neanoticias.com\/index.php\/wp-json\/wp\/v2\/comments?post=2010"}],"version-history":[{"count":1,"href":"https:\/\/neanoticias.com\/index.php\/wp-json\/wp\/v2\/posts\/2010\/revisions"}],"predecessor-version":[{"id":2012,"href":"https:\/\/neanoticias.com\/index.php\/wp-json\/wp\/v2\/posts\/2010\/revisions\/2012"}],"wp:featuredmedia":[{"embeddable":true,"href":"https:\/\/neanoticias.com\/index.php\/wp-json\/wp\/v2\/media\/2011"}],"wp:attachment":[{"href":"https:\/\/neanoticias.com\/index.php\/wp-json\/wp\/v2\/media?parent=2010"}],"wp:term":[{"taxonomy":"category","embeddable":true,"href":"https:\/\/neanoticias.com\/index.php\/wp-json\/wp\/v2\/categories?post=2010"},{"taxonomy":"post_tag","embeddable":true,"href":"https:\/\/neanoticias.com\/index.php\/wp-json\/wp\/v2\/tags?post=2010"}],"curies":[{"name":"wp","href":"https:\/\/api.w.org\/{rel}","templated":true}]}}