{"id":2002,"date":"2025-09-24T14:31:55","date_gmt":"2025-09-24T14:31:55","guid":{"rendered":"https:\/\/neanoticias.com\/?p=2002"},"modified":"2025-09-24T14:31:56","modified_gmt":"2025-09-24T14:31:56","slug":"caputo-aseguro-que-el-banco-central-continuara-interviniendo-para-contener-al-dolar","status":"publish","type":"post","link":"https:\/\/neanoticias.com\/index.php\/2025\/09\/24\/caputo-aseguro-que-el-banco-central-continuara-interviniendo-para-contener-al-dolar\/","title":{"rendered":"CAPUTO ASEGUR\u00d3 QUE EL BANCO CENTRAL CONTINUAR\u00c1 INTERVINIENDO PARA CONTENER AL D\u00d3LAR"},"content":{"rendered":"\n<p>En medio de una creciente tensi\u00f3n financiera y la escalada del d\u00f3lar, el ministro de Econom\u00eda, Luis Caputo, reafirm\u00f3 que el Banco Central de la Rep\u00fablica Argentina (BCRA) continuar\u00e1 vendiendo divisas para frenar sobresaltos en el mercado cambiario. \u201cVamos a vender hasta el \u00faltimo d\u00f3lar en el techo de la banda. El programa est\u00e1 dise\u00f1ado as\u00ed, y no va a haber ning\u00fan cambio\u201d, sostuvo el funcionario<\/p>\n\n\n\n<p>Durante una entrevista en el canal de streaming Tres Anclas, Caputo defendi\u00f3 el esquema de bandas cambiarias implementado por el gobierno y neg\u00f3 cualquier modificaci\u00f3n en el rumbo econ\u00f3mico. \u201cTenemos suficientes reservas y estamos preparados para sostener la estabilidad del tipo de cambio\u201d, afirm\u00f3.<\/p>\n\n\n\n<p><strong>Venta r\u00e9cord del BCRA<\/strong><\/p>\n\n\n\n<p>Las declaraciones se conocieron pocas horas despu\u00e9s de que el Banco Central vendiera US$379 millones en una sola jornada, la mayor intervenci\u00f3n desde la salida del cepo cambiario. El mi\u00e9rcoles ya hab\u00eda inyectado US$53 millones en el mercado, luego de que el d\u00f3lar oficial superara el techo establecido en la banda de flotaci\u00f3n.<\/p>\n\n\n\n<p><strong>Mensaje al mercado y a la oposici\u00f3n<\/strong><\/p>\n\n\n\n<p>Caputo tambi\u00e9n envi\u00f3 un mensaje directo a los inversores al asegurar que el pa\u00eds no corre riesgo de default: \u201cSi no ca\u00edmos en cesaci\u00f3n de pagos en 2023, cuando heredamos una econom\u00eda sin reservas, no lo vamos a hacer ahora. Vamos a garantizar los pagos de los bonos que vencen en enero y tambi\u00e9n los de julio del pr\u00f3ximo a\u00f1o\u201d.<\/p>\n\n\n\n<p>Adem\u00e1s, el ministro apunt\u00f3 contra lo que denomin\u00f3 un \u201cataque pol\u00edtico sin precedentes\u201d y descart\u00f3 que la presi\u00f3n cambiaria tenga fundamentos econ\u00f3micos. \u201cEstamos viendo algo bizarro. Hay una embestida pol\u00edtica feroz, en un contexto macroecon\u00f3mico que es s\u00f3lido: tenemos super\u00e1vit fiscal y comercial, un Banco Central capitalizado, sin emisi\u00f3n y con inflaci\u00f3n controlada\u201d, enfatiz\u00f3.<\/p>\n\n\n\n<p><strong>Escalada del d\u00f3lar y clima pol\u00edtico<\/strong><\/p>\n\n\n\n<p>La escalada en la cotizaci\u00f3n de la moneda norteamericana se produce tras la victoria del peronismo en la provincia de Buenos Aires, un resultado que gener\u00f3 incertidumbre sobre la gobernabilidad del oficialismo. Este jueves, el tipo de cambio oficial cerr\u00f3 a $1495 en el Banco Naci\u00f3n, mientras que los d\u00f3lares paralelos superaron los $1500.<\/p>\n\n\n\n<p>El mal clima tambi\u00e9n se traslad\u00f3 al frente financiero: los bonos argentinos sufrieron ca\u00eddas de hasta el 12%, y el riesgo pa\u00eds escal\u00f3 a 1453 puntos, su nivel m\u00e1s alto en un a\u00f1o.<\/p>\n\n\n\n<p>Derrotas legislativas y tensi\u00f3n con la oposici\u00f3n<\/p>\n\n\n\n<p>El ministro no esquiv\u00f3 la tensi\u00f3n pol\u00edtica. En los \u00faltimos d\u00edas, el gobierno acumul\u00f3 dos derrotas claves en el Congreso: primero en Diputados, donde fue rechazado el veto presidencial sobre los fondos del Hospital Garrahan y el financiamiento universitario; y luego en el Senado, que tumb\u00f3 el veto a la ley que regula los Aportes del Tesoro Nacional (ATN).<\/p>\n\n\n\n<p>\u201cLa oposici\u00f3n no est\u00e1 discutiendo ideas, est\u00e1 intentando voltear al Presidente. Pero no lo van a lograr\u201d, cerr\u00f3 Caputo, en sinton\u00eda con el discurso del oficialismo, que denuncia una embestida coordinada para desestabilizar al gobierno.<\/p>\n","protected":false},"excerpt":{"rendered":"<p>En medio de una creciente tensi\u00f3n financiera y la escalada del d\u00f3lar, el ministro de&#8230;<\/p>\n","protected":false},"author":1,"featured_media":2003,"comment_status":"open","ping_status":"open","sticky":false,"template":"","format":"standard","meta":[],"categories":[1],"tags":[],"_links":{"self":[{"href":"https:\/\/neanoticias.com\/index.php\/wp-json\/wp\/v2\/posts\/2002"}],"collection":[{"href":"https:\/\/neanoticias.com\/index.php\/wp-json\/wp\/v2\/posts"}],"about":[{"href":"https:\/\/neanoticias.com\/index.php\/wp-json\/wp\/v2\/types\/post"}],"author":[{"embeddable":true,"href":"https:\/\/neanoticias.com\/index.php\/wp-json\/wp\/v2\/users\/1"}],"replies":[{"embeddable":true,"href":"https:\/\/neanoticias.com\/index.php\/wp-json\/wp\/v2\/comments?post=2002"}],"version-history":[{"count":1,"href":"https:\/\/neanoticias.com\/index.php\/wp-json\/wp\/v2\/posts\/2002\/revisions"}],"predecessor-version":[{"id":2004,"href":"https:\/\/neanoticias.com\/index.php\/wp-json\/wp\/v2\/posts\/2002\/revisions\/2004"}],"wp:featuredmedia":[{"embeddable":true,"href":"https:\/\/neanoticias.com\/index.php\/wp-json\/wp\/v2\/media\/2003"}],"wp:attachment":[{"href":"https:\/\/neanoticias.com\/index.php\/wp-json\/wp\/v2\/media?parent=2002"}],"wp:term":[{"taxonomy":"category","embeddable":true,"href":"https:\/\/neanoticias.com\/index.php\/wp-json\/wp\/v2\/categories?post=2002"},{"taxonomy":"post_tag","embeddable":true,"href":"https:\/\/neanoticias.com\/index.php\/wp-json\/wp\/v2\/tags?post=2002"}],"curies":[{"name":"wp","href":"https:\/\/api.w.org\/{rel}","templated":true}]}}