{"id":1999,"date":"2025-09-24T14:30:14","date_gmt":"2025-09-24T14:30:14","guid":{"rendered":"https:\/\/neanoticias.com\/?p=1999"},"modified":"2025-09-24T14:30:15","modified_gmt":"2025-09-24T14:30:15","slug":"el-senado-de-estados-unidos-confirmo-a-lamelas-como-embajador-en-argentina","status":"publish","type":"post","link":"https:\/\/neanoticias.com\/index.php\/2025\/09\/24\/el-senado-de-estados-unidos-confirmo-a-lamelas-como-embajador-en-argentina\/","title":{"rendered":"EL SENADO DE ESTADOS UNIDOS CONFIRM\u00d3 A LAMELAS COMO EMBAJADOR EN ARGENTINA"},"content":{"rendered":"\n<p>Donald Trump lo hab\u00eda designado en el cargo meses atr\u00e1s, pero deb\u00eda esperar la nominaci\u00f3n de la C\u00e1mara alta. Ahora, se instalar\u00e1 en Buenos Aires.<\/p>\n\n\n\n<p><a href=\"https:\/\/www.radiosudamericana.com\/nota\/mundo\/333238-El-Senado-de-Estados-Unidos-confirmo-a-Lamelas-como-embajador-en-Argentina.htm#comentar-noticia\">comentar&nbsp;&nbsp;0<\/a>&nbsp;<a href=\"https:\/\/www.radiosudamericana.com\/333238\/imprimir\">&nbsp;<strong>imprimir<\/strong><\/a>&nbsp;<a href=\"https:\/\/www.radiosudamericana.com\/\"><strong>A-<\/strong>&nbsp;A+&nbsp;<strong>tama\u00f1o<\/strong><\/a>&nbsp;<a href=\"https:\/\/www.radiosudamericana.com\/\">&nbsp;<strong>recomendar<\/strong><\/a><\/p>\n\n\n\n<ul><li><a href=\"https:\/\/www.radiosudamericana.com\/#fotos\">1<\/a><\/li><\/ul>\n\n\n\n<figure class=\"wp-block-image\"><a href=\"https:\/\/www.radiosudamericana.com\/notix\/multimedia\/imagenes\/fotos\/2025-09-18\/463784.jpg\"><img src=\"https:\/\/www.radiosudamericana.com\/notix\/multimedia\/imagenes\/fotos\/2025-09-18\/463784.jpg_nota.jpg\" alt=\"El Senado de Estados Unidos confirm\u00f3 a Lamelas como embajador en Argentina\"\/><\/a><\/figure>\n\n\n\n<p>El Senado de Estados Unidos&nbsp;confirm\u00f3 este jueves a Peter Lamelas como embajador en la Argentina. El Presidente&nbsp;Donald Trump&nbsp;lo hab\u00eda designado en el cargo meses atr\u00e1s, pero deb\u00eda esperar la nominaci\u00f3n de la C\u00e1mara alta. Ahora, se instalar\u00e1 en Buenos Aires.<\/p>\n\n\n\n<p>Desde la cuenta oficial de la embajada en redes sociales saludaron al flamante funcionario. \u201c\u00a1Felicitaciones a Peter Lamelas por su confirmaci\u00f3n en el Senado de EE.UU. como nuestro pr\u00f3ximo embajador en Argentina! El equipo de la Embajada espera con entusiasmo la llegada del embajador designado Lamelas a Buenos Aires para comenzar su labor representando al presidente y al pueblo de los Estados Unidos en Argentina&#8221;, se\u00f1alaron.<\/p>\n\n\n\n<h2><strong>Qui\u00e9n es Peter Lamelas, el nuevo embajador de EE.UU. en la Argentina<\/strong><\/h2>\n\n\n\n<p>Peter Lamelas&nbsp;es un&nbsp;m\u00e9dico&nbsp;y&nbsp;empresario de origen cubano, amigo personal de Trump. Durante su discurso frente al&nbsp;Comit\u00e9 de Relaciones Exteriores del Senado, prometi\u00f3 respaldar al gobierno de&nbsp;Javier Milei&nbsp;y recorrer las provincias para&nbsp;entablar relaciones&nbsp;con los&nbsp;gobiernos regionales.<\/p>\n\n\n\n<p>Cuando era chico,&nbsp;huy\u00f3 junto a su familia&nbsp;en un barco de la Cruz Roja&nbsp;desde Cuba hacia Florida, tras la revoluci\u00f3n de Fidel Castro. Creci\u00f3 en Miami,&nbsp;estudi\u00f3 medicina&nbsp;y&nbsp;fund\u00f3&nbsp;MD Now, la red de cl\u00ednicas de primeros auxilios y emergencias m\u00e1s grandes del estado,&nbsp;que vendi\u00f3 varios a\u00f1os despu\u00e9s.<\/p>\n\n\n\n<p>Adem\u00e1s, fue uno de los&nbsp;grandes donantes&nbsp;que tuvo el&nbsp;Partido Republicano, no solo para la campa\u00f1a de Donald Trump, sino tambi\u00e9n para las de&nbsp;Marco Rubio&nbsp;para gobernador de Florida y&nbsp;Ron DeSantis.<\/p>\n\n\n\n<p>El diplom\u00e1tico&nbsp;dejar\u00e1 su vida en West Palm Beach&nbsp;para instalarse en Buenos Aires y ser el m\u00e1ximo representante norteamericano en el pa\u00eds. Adem\u00e1s, tendr\u00e1 la funci\u00f3n central de ser el&nbsp;eje entre Trump y Milei.<\/p>\n\n\n\n<p>Meses atr\u00e1s, Lamelas se refiri\u00f3 a los objetivos que tiene en la Argentina. Frente al Senado,&nbsp;defendi\u00f3 su nominaci\u00f3n&nbsp;y asegur\u00f3 que&nbsp;busca limitar la influencia de China en la Argentina.<\/p>\n\n\n\n<p>Por otro lado, propuso trabajar para que&nbsp;Cristina Kirchner&nbsp;reciba \u201cla justicia que merece\u201d&nbsp;y se refiri\u00f3 a la necesidad de esclarecer el atentado a la AMIA.<\/p>\n\n\n\n<p>En su exposici\u00f3n ante el Comit\u00e9 de relaciones exteriores del Senado de EE.UU., se&nbsp;dirigi\u00f3 a Ted Cruz, quien solicit\u00f3 sanciones contra la expresidenta en los \u00faltimos a\u00f1os: \u201cQuiero darle las gracias.&nbsp;Usted fue uno de los primeros en denunciar a Cristina Fern\u00e1ndez de Kirchner. Mientras me preparaba para esto durante las \u00faltimas semanas, le\u00ed una carta que usted envi\u00f3 al secretario Blinken en 2022 en la que ped\u00eda sanciones,&nbsp;que se sancionara a ella y a su familia. Y quiero volver a darle las gracias por ello\u201d.<\/p>\n\n\n\n<p>Respecto a su funci\u00f3n en el cargo, se\u00f1al\u00f3: \u201cDebemos seguir apoyando la presidencia de Milei&nbsp;durante las elecciones de mitad de mandato y durante el pr\u00f3ximo mandato para&nbsp;poder construir una mejor relaci\u00f3n entre nuestros dos pa\u00edses\u201d.<\/p>\n","protected":false},"excerpt":{"rendered":"<p>Donald Trump lo hab\u00eda designado en el cargo meses atr\u00e1s, pero deb\u00eda esperar la nominaci\u00f3n&#8230;<\/p>\n","protected":false},"author":1,"featured_media":2000,"comment_status":"open","ping_status":"open","sticky":false,"template":"","format":"standard","meta":[],"categories":[1],"tags":[],"_links":{"self":[{"href":"https:\/\/neanoticias.com\/index.php\/wp-json\/wp\/v2\/posts\/1999"}],"collection":[{"href":"https:\/\/neanoticias.com\/index.php\/wp-json\/wp\/v2\/posts"}],"about":[{"href":"https:\/\/neanoticias.com\/index.php\/wp-json\/wp\/v2\/types\/post"}],"author":[{"embeddable":true,"href":"https:\/\/neanoticias.com\/index.php\/wp-json\/wp\/v2\/users\/1"}],"replies":[{"embeddable":true,"href":"https:\/\/neanoticias.com\/index.php\/wp-json\/wp\/v2\/comments?post=1999"}],"version-history":[{"count":1,"href":"https:\/\/neanoticias.com\/index.php\/wp-json\/wp\/v2\/posts\/1999\/revisions"}],"predecessor-version":[{"id":2001,"href":"https:\/\/neanoticias.com\/index.php\/wp-json\/wp\/v2\/posts\/1999\/revisions\/2001"}],"wp:featuredmedia":[{"embeddable":true,"href":"https:\/\/neanoticias.com\/index.php\/wp-json\/wp\/v2\/media\/2000"}],"wp:attachment":[{"href":"https:\/\/neanoticias.com\/index.php\/wp-json\/wp\/v2\/media?parent=1999"}],"wp:term":[{"taxonomy":"category","embeddable":true,"href":"https:\/\/neanoticias.com\/index.php\/wp-json\/wp\/v2\/categories?post=1999"},{"taxonomy":"post_tag","embeddable":true,"href":"https:\/\/neanoticias.com\/index.php\/wp-json\/wp\/v2\/tags?post=1999"}],"curies":[{"name":"wp","href":"https:\/\/api.w.org\/{rel}","templated":true}]}}