{"id":1993,"date":"2025-09-24T14:22:26","date_gmt":"2025-09-24T14:22:26","guid":{"rendered":"https:\/\/neanoticias.com\/?p=1993"},"modified":"2025-09-24T14:22:26","modified_gmt":"2025-09-24T14:22:26","slug":"francos-dijo-que-fue-un-error-nacionalizar-la-eleccion-bonaerense","status":"publish","type":"post","link":"https:\/\/neanoticias.com\/index.php\/2025\/09\/24\/francos-dijo-que-fue-un-error-nacionalizar-la-eleccion-bonaerense\/","title":{"rendered":"FRANCOS DIJO QUE FUE &#8220;UN ERROR&#8221; NACIONALIZAR LA ELECCI\u00d3N BONAERENSE"},"content":{"rendered":"\n<p>El jefe de Gabinete admiti\u00f3 que el oficialismo se equivoc\u00f3 en su estrategia electoral, aunque confi\u00f3 en que el escenario nacional de octubre ser\u00e1 distinto. \u201cLo que se juega es c\u00f3mo se va a componer el Congreso de la Naci\u00f3n para el pr\u00f3ximo periodo\u201d, expres\u00f3<\/p>\n\n\n\n<p>El jefe de Gabinete, Guillermo Francos, reconoci\u00f3 este s\u00e1bado que el oficialismo cometi\u00f3 un \u201cerror\u201d al trasladar la disputa nacional a las elecciones legislativas de la provincia de Buenos Aires, donde La Libertad Avanza sufri\u00f3 una derrota frente al peronismo.<\/p>\n\n\n\n<p>En di\u00e1logo con Radio Mitre, Francos asegur\u00f3:<em><strong>&nbsp;\u201cFue un error nacionalizar una elecci\u00f3n distrital\u201d<\/strong><\/em>, y explic\u00f3 que el gobernador Axel Kicillof&nbsp;<strong><em>\u201cjug\u00f3 con inteligencia\u201d<\/em><\/strong>&nbsp;al desdoblar la votaci\u00f3n y capitalizar el desgaste del oficialismo.<\/p>\n\n\n\n<p>No obstante, confi\u00f3 en que los comicios legislativos del 26 de octubre tendr\u00e1n un car\u00e1cter diferente.&nbsp;<strong><em>\u201cLa gente tendr\u00e1 que decidir si respalda a Javier Milei en las reformas que proponemos. Lo que se juega en la elecci\u00f3n nacional es c\u00f3mo se va a componer el Congreso de la Naci\u00f3n para el pr\u00f3ximo periodo\u201d<\/em><\/strong>, afirm\u00f3.<\/p>\n\n\n\n<p>El funcionario remarc\u00f3 que la derrota bonaerense obliga a una autocr\u00edtica:&nbsp;<em><strong>\u201cPor supuesto que hemos escuchado el mensaje de la gente. Hemos perdido y haremos la autocr\u00edtica que haya que hacer\u201d<\/strong><\/em>. Sin embargo, aclar\u00f3:&nbsp;<strong><em>\u201cNo s\u00e9 cu\u00e1les son las medidas que nos puede reclamar la sociedad\u201d<\/em><\/strong>.<\/p>\n\n\n\n<p>Francos tambi\u00e9n puso el foco en la necesidad de ampliar la representaci\u00f3n parlamentaria:&nbsp;<strong><em>\u201cTodo lo que venimos haciendo hasta ahora lo hemos hecho con el apoyo de algunos aliados, pero con un bloque partidario muy peque\u00f1o y eso dificulta mucho la acci\u00f3n\u201d<\/em><\/strong>.<\/p>\n\n\n\n<p>En ese sentido, valor\u00f3 el di\u00e1logo con dirigentes del PRO y destac\u00f3:&nbsp;<strong><em>\u201cSiempre es importante hablar con el presidente Macri, as\u00ed como tambi\u00e9n con los dirigentes del PRO que han trabajado con nosotros en esta campa\u00f1a y en muchos otros distritos\u201d<\/em><\/strong>.<\/p>\n\n\n\n<p>Sobre la econom\u00eda, Francos defendi\u00f3 la pol\u00edtica de equilibrio fiscal y neg\u00f3 una devaluaci\u00f3n tras las elecciones.&nbsp;<strong><em>\u201cEl Gobierno tiene perfectamente claro que est\u00e1 llevando adelante una pol\u00edtica de equilibrio fiscal, que se complementa con el tipo de cambio y las bandas\u201d<\/em><\/strong>, dijo. Tambi\u00e9n resalt\u00f3 que la inflaci\u00f3n mensual se mantiene por debajo del 2%, aunque admiti\u00f3 las dificultades que atraviesa la poblaci\u00f3n.<\/p>\n\n\n\n<p>Por \u00faltimo, rechaz\u00f3 las versiones sobre un final anticipado del gobierno de Javier Milei:&nbsp;<strong><em>\u201cMe parece una posici\u00f3n absolutamente antidemocr\u00e1tica. No hay ning\u00fan motivo para que pueda pensarse en que este Gobierno est\u00e9 terminado. Al contrario, ha hecho cambios muy importantes en la Argentina que deben ser tenidos en cuenta y lo vamos a continuar\u201d<\/em><\/strong>.<\/p>\n","protected":false},"excerpt":{"rendered":"<p>El jefe de Gabinete admiti\u00f3 que el oficialismo se equivoc\u00f3 en su estrategia electoral, aunque&#8230;<\/p>\n","protected":false},"author":1,"featured_media":1994,"comment_status":"open","ping_status":"open","sticky":false,"template":"","format":"standard","meta":[],"categories":[1],"tags":[],"_links":{"self":[{"href":"https:\/\/neanoticias.com\/index.php\/wp-json\/wp\/v2\/posts\/1993"}],"collection":[{"href":"https:\/\/neanoticias.com\/index.php\/wp-json\/wp\/v2\/posts"}],"about":[{"href":"https:\/\/neanoticias.com\/index.php\/wp-json\/wp\/v2\/types\/post"}],"author":[{"embeddable":true,"href":"https:\/\/neanoticias.com\/index.php\/wp-json\/wp\/v2\/users\/1"}],"replies":[{"embeddable":true,"href":"https:\/\/neanoticias.com\/index.php\/wp-json\/wp\/v2\/comments?post=1993"}],"version-history":[{"count":1,"href":"https:\/\/neanoticias.com\/index.php\/wp-json\/wp\/v2\/posts\/1993\/revisions"}],"predecessor-version":[{"id":1995,"href":"https:\/\/neanoticias.com\/index.php\/wp-json\/wp\/v2\/posts\/1993\/revisions\/1995"}],"wp:featuredmedia":[{"embeddable":true,"href":"https:\/\/neanoticias.com\/index.php\/wp-json\/wp\/v2\/media\/1994"}],"wp:attachment":[{"href":"https:\/\/neanoticias.com\/index.php\/wp-json\/wp\/v2\/media?parent=1993"}],"wp:term":[{"taxonomy":"category","embeddable":true,"href":"https:\/\/neanoticias.com\/index.php\/wp-json\/wp\/v2\/categories?post=1993"},{"taxonomy":"post_tag","embeddable":true,"href":"https:\/\/neanoticias.com\/index.php\/wp-json\/wp\/v2\/tags?post=1993"}],"curies":[{"name":"wp","href":"https:\/\/api.w.org\/{rel}","templated":true}]}}