{"id":1990,"date":"2025-09-24T14:20:40","date_gmt":"2025-09-24T14:20:40","guid":{"rendered":"https:\/\/neanoticias.com\/?p=1990"},"modified":"2025-09-24T14:20:41","modified_gmt":"2025-09-24T14:20:41","slug":"mujer-busca-el-retrato-de-su-hijo-fallecido-que-perdio-en-un-colectivo","status":"publish","type":"post","link":"https:\/\/neanoticias.com\/index.php\/2025\/09\/24\/mujer-busca-el-retrato-de-su-hijo-fallecido-que-perdio-en-un-colectivo\/","title":{"rendered":"MUJER BUSCA EL RETRATO DE SU HIJO FALLECIDO QUE PERDI\u00d3 EN UN COLECTIVO"},"content":{"rendered":"\n<p>El cuadro tiene un profundo valor sentimental para la familia. Mar\u00eda Olivera pidi\u00f3 ayuda a la comunidad para recuperarlo.<\/p>\n\n\n\n<p>Este s\u00e1bado, Mar\u00eda Olivera realiz\u00f3 un llamado a la solidaridad tras extraviar un cuadro con la foto de su hijo fallecido, Franco Olivera, en un colectivo de la l\u00ednea 105 B que se dirig\u00eda hacia el barrio Molina Punta, en la ciudad de Corrientes.<\/p>\n\n\n\n<p>La mujer difundi\u00f3 su pedido a trav\u00e9s de redes sociales, donde expres\u00f3:&nbsp;<strong><em>\u201cMe olvid\u00e9 una bolsita negra de \u2018Locos por el F\u00fatbol\u2019 con el retrato de mi hijo Franco reci\u00e9n en el 105 B barrio Molina Punta. Si alguien encontr\u00f3 comunicarse al 3794-866224 por favor. Muchas gracias. Me ayudan mucho compartiendo mi publicaci\u00f3n. El retrato tiene valor sentimental\u201d<\/em><\/strong>.<\/p>\n\n\n\n<p>Franco Olivera era suboficial del Ej\u00e9rcito Argentino y prestaba servicios en Rospentek, Santa Cruz. Falleci\u00f3 en septiembre de 2022 tras sufrir un accidente automovil\u00edstico en la ruta complementaria 20, cerca de los talleres centrales de YCRT, en R\u00edo Turbio.<\/p>\n\n\n\n<p>Ante la p\u00e9rdida del retrato, la familia solicita a cualquier persona que lo haya encontrado que se comunique con el n\u00famero de tel\u00e9fono brindado por la madre (<strong>3794-866224<\/strong>).<\/p>\n","protected":false},"excerpt":{"rendered":"<p>El cuadro tiene un profundo valor sentimental para la familia. Mar\u00eda Olivera pidi\u00f3 ayuda a&#8230;<\/p>\n","protected":false},"author":1,"featured_media":1991,"comment_status":"open","ping_status":"open","sticky":false,"template":"","format":"standard","meta":[],"categories":[1],"tags":[],"_links":{"self":[{"href":"https:\/\/neanoticias.com\/index.php\/wp-json\/wp\/v2\/posts\/1990"}],"collection":[{"href":"https:\/\/neanoticias.com\/index.php\/wp-json\/wp\/v2\/posts"}],"about":[{"href":"https:\/\/neanoticias.com\/index.php\/wp-json\/wp\/v2\/types\/post"}],"author":[{"embeddable":true,"href":"https:\/\/neanoticias.com\/index.php\/wp-json\/wp\/v2\/users\/1"}],"replies":[{"embeddable":true,"href":"https:\/\/neanoticias.com\/index.php\/wp-json\/wp\/v2\/comments?post=1990"}],"version-history":[{"count":1,"href":"https:\/\/neanoticias.com\/index.php\/wp-json\/wp\/v2\/posts\/1990\/revisions"}],"predecessor-version":[{"id":1992,"href":"https:\/\/neanoticias.com\/index.php\/wp-json\/wp\/v2\/posts\/1990\/revisions\/1992"}],"wp:featuredmedia":[{"embeddable":true,"href":"https:\/\/neanoticias.com\/index.php\/wp-json\/wp\/v2\/media\/1991"}],"wp:attachment":[{"href":"https:\/\/neanoticias.com\/index.php\/wp-json\/wp\/v2\/media?parent=1990"}],"wp:term":[{"taxonomy":"category","embeddable":true,"href":"https:\/\/neanoticias.com\/index.php\/wp-json\/wp\/v2\/categories?post=1990"},{"taxonomy":"post_tag","embeddable":true,"href":"https:\/\/neanoticias.com\/index.php\/wp-json\/wp\/v2\/tags?post=1990"}],"curies":[{"name":"wp","href":"https:\/\/api.w.org\/{rel}","templated":true}]}}