{"id":199,"date":"2022-09-26T15:09:44","date_gmt":"2022-09-26T15:09:44","guid":{"rendered":"https:\/\/neanoticias.com\/?p=199"},"modified":"2022-09-26T15:09:46","modified_gmt":"2022-09-26T15:09:46","slug":"detuvieron-al-dueno-del-perro-que-mato-a-una-nena-en-corrientes-los-detalles-del-caso","status":"publish","type":"post","link":"https:\/\/neanoticias.com\/index.php\/2022\/09\/26\/detuvieron-al-dueno-del-perro-que-mato-a-una-nena-en-corrientes-los-detalles-del-caso\/","title":{"rendered":"DETUVIERON AL DUE\u00d1O DEL PERRO QUE MAT\u00d3 A UNA NENA EN CORRIENTES: LOS DETALLES DEL CASO"},"content":{"rendered":"\n<p>Confirm\u00f3 que al animal lo sacrificaron para frenar el ataque de un hachazo en la cabeza.<\/p>\n\n\n\n<figure class=\"wp-block-image size-full\"><img loading=\"lazy\" width=\"770\" height=\"440\" src=\"https:\/\/neanoticias.com\/wp-content\/uploads\/2022\/09\/1664154722626.webp\" alt=\"\" class=\"wp-image-200\" srcset=\"https:\/\/neanoticias.com\/wp-content\/uploads\/2022\/09\/1664154722626.webp 770w, https:\/\/neanoticias.com\/wp-content\/uploads\/2022\/09\/1664154722626-300x171.webp 300w, https:\/\/neanoticias.com\/wp-content\/uploads\/2022\/09\/1664154722626-768x439.webp 768w\" sizes=\"(max-width: 770px) 100vw, 770px\" \/><\/figure>\n\n\n\n<p>Detuvieron al due\u00f1o del perro que mat\u00f3 a una nena en Paso de los Libres y avanza la investigaci\u00f3n judicial para determinar su culpabilidad. Habl\u00f3 Mauro Casco, fiscal del caso, y se\u00f1al\u00f3 que podr\u00eda ser acusado de homicidio culposo al no tener al animal en condiciones de seguridad.&nbsp;<\/p>\n\n\n\n<p>La menor que falleci\u00f3 en la localidad este viernes ten\u00eda diez a\u00f1os y fue atacada por un perro que se encontraba suelto y sin supervisi\u00f3n por la calle 12 de Septiembre del barrio Las Tablitas de esa ciudad. La ni\u00f1a fue identificada con el apellido Nu\u00f1ez y el perro pertenec\u00eda a un pariente suyo de apellido Toledo. Se trataba de un animal mestizo, cruza de pitbull que era usado para la caza.&nbsp;<\/p>\n\n\n\n<p>Ahora, Mauro Casco, fiscal de Investigaciones Concretas, explic\u00f3 c\u00f3mo contin\u00faa el caso.<strong>&#8220;Ya se dict\u00f3 hace un rato la detenci\u00f3n de la persona en manos de la juez de garant\u00eda de turno. Sali\u00f3 la orden y se encuentra detenido en la Comisar\u00eda 3era de Paso de los Libres\u201d<\/strong>, mencion\u00f3 este domingo a Canal 13 de Corrientes.&nbsp;&nbsp;<\/p>\n\n\n\n<p><strong>VER M\u00c1S:&nbsp;<a href=\"https:\/\/www.ellitoral.com.ar\/corrientes\/2022-9-25-1-0-0-un-perro-ataco-y-mato-a-una-nina-de-10-anos-el-propietario-esta-profugo\">Un perro atac\u00f3 y mat\u00f3 a una ni\u00f1a de 10 a\u00f1os: el propietario est\u00e1 profugo<\/a><\/strong><\/p>\n\n\n\n<p>Casco detall\u00f3 con precisi\u00f3n qu\u00e9 sucedi\u00f3 el d\u00eda del ataque.<strong>\u201cOcurri\u00f3 el viernes por la tarde noche en un barrio de la localidad. Una nena de 10 a\u00f1os fue atacada en la zona de la nuca, una zona vital. Salieron otras personas que viv\u00edan en la zona a ayudar a la nena y logran detenerlo con un hachazo en el cuello y ah\u00ed reci\u00e9n la suelta. Luego la trasladan y finalmente se produce el deceso a las 22.30. Esto fue dentro de una propiedad y en el interior del terreno la nena estaba por ir a la casa de una t\u00eda a ver la tele\u201d, sostuvo.&nbsp;<\/strong><\/p>\n\n\n\n<p><strong>El profesional indic\u00f3 as\u00ed que las personas que ayudaron a la ni\u00f1a lo sacrificaron en defensa propia y no por bronca como se hab\u00eda pensado en primera instancia. \u201cFue sacrificado porque en ese momento no hab\u00eda forma de frenar el ataque. No fue por bronca\u201d, resalt\u00f3.&nbsp;<\/strong><\/p>\n\n\n\n<p>Sobre la propiedad del perro, sostuvo que efectivamente era de una persona de apellido Ledesma. \u201cEl perro ser\u00eda propiedad de un pariente m\u00e1s o menos lejano. Estamos trabajando en el parentesco de la v\u00edctima y el due\u00f1o del perro para determinarlo con exactitud\u201d, sostuvo. Adem\u00e1s, indic\u00f3 que no hay certezas de si el animal era de mascota, de guardia o usado para cazar.&nbsp;<\/p>\n\n\n\n<p><strong>Sobre si el animal ten\u00eda antecedentes violentos, el fiscal cont\u00f3 que realiz\u00f3 las primeras indagaciones testimoniales. \u201cDe acuerdo al legajo de investigaci\u00f3n que tengo en manos, de las testimoniales que se recibieron hasta ahora en sede policial, algunas personas declararon que aparentemente el perro en cuesti\u00f3n ya tendr\u00eda antecedentes de hacer mordido a otra personas, a otras criaturas. No hay nada judicial en ese sentido pero son manifestaciones de vecinos que dicen que s\u00ed, que ya ten\u00eda la &#8220;ma\u00f1a&#8221; de morder a otras personas\u201d, mencion\u00f3.&nbsp;<\/strong><\/p>\n\n\n\n<p>Seg\u00fan las primeras averiguaciones, el funcionario sostuvo que el perro no estaba encerrado. \u201cDe acuerdo a lo que vi, yo no vi todo el terreno, solamente el lugar en donde se produjo el ataque, era un terreno con viviendas precarias. El perro en cuesti\u00f3n habr\u00eda venido de m\u00e1s al fondo. Si se produjo el ataque es porque no ten\u00eda las medidas de seguridad\u201d, explic\u00f3. Sin embargo, hasta el momento no puede garantizar si estaba atado o encerrado y logr\u00f3 escaparse.&nbsp;<\/p>\n\n\n\n<p><strong>Sobre la causa como tal, Casco tendr\u00e1 tres d\u00edas para presentar sus opiniones como fiscal. \u201cSiempre recalcando que la investigaci\u00f3n est\u00e1 en una etapa inicial, en principio podr\u00eda cuadradas la conducta del due\u00f1o en homicidio culposo\u201d, indic\u00f3. \u201cEs decir, que el mismo tuvo una actitud homicida siendo que, si el perro ten\u00eda antecedentes, podr\u00eda haberle atado o puesto un bozal o medida de protecci\u00f3n\u201d, agreg\u00f3.&nbsp;<\/strong><\/p>\n\n\n\n<p><strong>\u201cTengo un plazo de tres d\u00edas para formalizar la imputaci\u00f3n, que es informarle el hecho al que se le atribuye y solicitar alguna medida pertinente. Quien resuelve es el juez de garant\u00edas en turno\u201d<\/strong>,<\/p>\n","protected":false},"excerpt":{"rendered":"<p>Confirm\u00f3 que al animal lo sacrificaron para frenar el ataque de un hachazo en la&#8230;<\/p>\n","protected":false},"author":1,"featured_media":200,"comment_status":"open","ping_status":"open","sticky":false,"template":"","format":"standard","meta":[],"categories":[1],"tags":[],"_links":{"self":[{"href":"https:\/\/neanoticias.com\/index.php\/wp-json\/wp\/v2\/posts\/199"}],"collection":[{"href":"https:\/\/neanoticias.com\/index.php\/wp-json\/wp\/v2\/posts"}],"about":[{"href":"https:\/\/neanoticias.com\/index.php\/wp-json\/wp\/v2\/types\/post"}],"author":[{"embeddable":true,"href":"https:\/\/neanoticias.com\/index.php\/wp-json\/wp\/v2\/users\/1"}],"replies":[{"embeddable":true,"href":"https:\/\/neanoticias.com\/index.php\/wp-json\/wp\/v2\/comments?post=199"}],"version-history":[{"count":1,"href":"https:\/\/neanoticias.com\/index.php\/wp-json\/wp\/v2\/posts\/199\/revisions"}],"predecessor-version":[{"id":201,"href":"https:\/\/neanoticias.com\/index.php\/wp-json\/wp\/v2\/posts\/199\/revisions\/201"}],"wp:featuredmedia":[{"embeddable":true,"href":"https:\/\/neanoticias.com\/index.php\/wp-json\/wp\/v2\/media\/200"}],"wp:attachment":[{"href":"https:\/\/neanoticias.com\/index.php\/wp-json\/wp\/v2\/media?parent=199"}],"wp:term":[{"taxonomy":"category","embeddable":true,"href":"https:\/\/neanoticias.com\/index.php\/wp-json\/wp\/v2\/categories?post=199"},{"taxonomy":"post_tag","embeddable":true,"href":"https:\/\/neanoticias.com\/index.php\/wp-json\/wp\/v2\/tags?post=199"}],"curies":[{"name":"wp","href":"https:\/\/api.w.org\/{rel}","templated":true}]}}