{"id":1984,"date":"2025-09-24T14:15:06","date_gmt":"2025-09-24T14:15:06","guid":{"rendered":"https:\/\/neanoticias.com\/?p=1984"},"modified":"2025-09-24T14:15:06","modified_gmt":"2025-09-24T14:15:06","slug":"capturaron-a-un-hombre-vinculado-a-una-causa-por-trata-de-personas","status":"publish","type":"post","link":"https:\/\/neanoticias.com\/index.php\/2025\/09\/24\/capturaron-a-un-hombre-vinculado-a-una-causa-por-trata-de-personas\/","title":{"rendered":"CAPTURARON A UN HOMBRE VINCULADO A UNA CAUSA POR TRATA DE PERSONAS"},"content":{"rendered":"\n<p>La Polic\u00eda de Corrientes concret\u00f3 un allanamiento en una vivienda de la ciudad y logr\u00f3 capturar al sujeto que ten\u00eda condena firme y estaba pr\u00f3fugo en el marco de una investigaci\u00f3n por trata de personas.<\/p>\n\n\n\n<p>En la jornada del s\u00e1bado, efectivos de la Direcci\u00f3n de Trata de Personas junto a la Divisi\u00f3n P.A.R. llevaron adelante un operativo en cumplimiento de una orden judicial que permiti\u00f3 detener a un hombre mayor de edad que se encontraba pr\u00f3fugo de la justicia.<\/p>\n\n\n\n<p>El procedimiento se realiz\u00f3 en una vivienda ubicada sobre avenida Wenceslao Dom\u00ednguez, entre las calles Cartagena y Valdepe\u00f1as. All\u00ed, los agentes lograron localizar al sospechoso, quien ten\u00eda una condena firme pendiente de cumplimiento.<\/p>\n\n\n\n<p>Tras su captura, el detenido fue trasladado a la sede de la Direcci\u00f3n de Trata de Personas, donde qued\u00f3 a disposici\u00f3n de las autoridades judiciales intervinientes y se continuaron con las diligencias de rigor.<\/p>\n","protected":false},"excerpt":{"rendered":"<p>La Polic\u00eda de Corrientes concret\u00f3 un allanamiento en una vivienda de la ciudad y logr\u00f3&#8230;<\/p>\n","protected":false},"author":1,"featured_media":1985,"comment_status":"open","ping_status":"open","sticky":false,"template":"","format":"standard","meta":[],"categories":[1],"tags":[],"_links":{"self":[{"href":"https:\/\/neanoticias.com\/index.php\/wp-json\/wp\/v2\/posts\/1984"}],"collection":[{"href":"https:\/\/neanoticias.com\/index.php\/wp-json\/wp\/v2\/posts"}],"about":[{"href":"https:\/\/neanoticias.com\/index.php\/wp-json\/wp\/v2\/types\/post"}],"author":[{"embeddable":true,"href":"https:\/\/neanoticias.com\/index.php\/wp-json\/wp\/v2\/users\/1"}],"replies":[{"embeddable":true,"href":"https:\/\/neanoticias.com\/index.php\/wp-json\/wp\/v2\/comments?post=1984"}],"version-history":[{"count":1,"href":"https:\/\/neanoticias.com\/index.php\/wp-json\/wp\/v2\/posts\/1984\/revisions"}],"predecessor-version":[{"id":1986,"href":"https:\/\/neanoticias.com\/index.php\/wp-json\/wp\/v2\/posts\/1984\/revisions\/1986"}],"wp:featuredmedia":[{"embeddable":true,"href":"https:\/\/neanoticias.com\/index.php\/wp-json\/wp\/v2\/media\/1985"}],"wp:attachment":[{"href":"https:\/\/neanoticias.com\/index.php\/wp-json\/wp\/v2\/media?parent=1984"}],"wp:term":[{"taxonomy":"category","embeddable":true,"href":"https:\/\/neanoticias.com\/index.php\/wp-json\/wp\/v2\/categories?post=1984"},{"taxonomy":"post_tag","embeddable":true,"href":"https:\/\/neanoticias.com\/index.php\/wp-json\/wp\/v2\/tags?post=1984"}],"curies":[{"name":"wp","href":"https:\/\/api.w.org\/{rel}","templated":true}]}}