{"id":1981,"date":"2025-09-24T14:14:21","date_gmt":"2025-09-24T14:14:21","guid":{"rendered":"https:\/\/neanoticias.com\/?p=1981"},"modified":"2025-09-24T14:14:22","modified_gmt":"2025-09-24T14:14:22","slug":"miles-de-drones-iluminaron-el-cielo-de-roma-con-el-rostro-de-francisco","status":"publish","type":"post","link":"https:\/\/neanoticias.com\/index.php\/2025\/09\/24\/miles-de-drones-iluminaron-el-cielo-de-roma-con-el-rostro-de-francisco\/","title":{"rendered":"MILES DE DRONES ILUMINARON EL CIELO DE ROMA CON EL ROSTRO DE FRANCISCO"},"content":{"rendered":"\n<p>Un espect\u00e1culo de 3.500 drones proyect\u00f3 la imagen del papa em\u00e9rito durante el concierto \u201cGrace for the World\u201d en la Plaza de San Pedro. El evento, transmitido a nivel internacional, reuni\u00f3 a artistas de renombre y a decenas de miles de personas en el marco del Encuentro Mundial sobre la Fraternidad Humana.<\/p>\n\n\n\n<p>La Plaza de San Pedro en el Vaticano se transform\u00f3 este s\u00e1bado en un escenario de m\u00fasica, espiritualidad y tecnolog\u00eda, cuando miles de drones dibujaron en el cielo el rostro del papa Francisco. El homenaje tuvo lugar durante el concierto gratuito \u201cGrace for the World\u201d, que congreg\u00f3 a multitudes y se convirti\u00f3 en uno de los eventos m\u00e1s concurridos del a\u00f1o en Roma.<\/p>\n\n\n\n<p>El momento central de la noche lleg\u00f3 con la interpretaci\u00f3n del himno religioso Amazing Grace por parte del tenor Andrea Bocelli y el rapero estadounidense Jelly Roll. Mientras la canci\u00f3n sonaba, los drones conformaron la figura del pont\u00edfice, en un despliegue que simboliz\u00f3 la diversidad cultural y la m\u00fasica como medio de unidad.<\/p>\n\n\n\n<p>El homenaje se enmarc\u00f3 en el cierre del tercer Encuentro Mundial sobre la Fraternidad Humana, impulsado tras la publicaci\u00f3n en 2020 de la enc\u00edclica Fratelli Tutti. El concierto fue co-dirigido por Bocelli y el m\u00fasico estadounidense Pharrell Williams, y cont\u00f3 con la participaci\u00f3n de John Legend, Ang\u00e9lique Kidjo y el rapero tailand\u00e9s BamBam.<\/p>\n\n\n\n<p>El papa Le\u00f3n XIV, pianista de formaci\u00f3n, no asisti\u00f3 al evento pero envi\u00f3 un mensaje a los participantes.&nbsp;<strong><em>\u201cEl mundo est\u00e1 marcado por conflictos y divisiones, y ustedes est\u00e1n unidos en un fuerte y valiente \u2018no\u2019 a la guerra y \u2018s\u00ed\u2019 a la paz y a la fraternidad\u201d<\/em><\/strong>, expres\u00f3 el pont\u00edfice. Tambi\u00e9n agradeci\u00f3&nbsp;<strong><em>\u201ca los artistas que, a trav\u00e9s de su creatividad, difundir\u00e1n este mensaje a todo el mundo desde la magn\u00edfica columnata de Bernini\u201d<\/em><\/strong>.<\/p>\n\n\n\n<p>El concierto fue transmitido por cadenas de televisi\u00f3n de Italia y Estados Unidos. En la previa, Pharrell Williams comparti\u00f3 en redes sociales:&nbsp;<strong><em>\u201cJuntos, reflexionemos a trav\u00e9s de la m\u00fasica para difundir el mensaje de unidad y gracia para toda la humanidad\u201d<\/em><\/strong>.<\/p>\n","protected":false},"excerpt":{"rendered":"<p>Un espect\u00e1culo de 3.500 drones proyect\u00f3 la imagen del papa em\u00e9rito durante el concierto \u201cGrace&#8230;<\/p>\n","protected":false},"author":1,"featured_media":1982,"comment_status":"open","ping_status":"open","sticky":false,"template":"","format":"standard","meta":[],"categories":[1],"tags":[],"_links":{"self":[{"href":"https:\/\/neanoticias.com\/index.php\/wp-json\/wp\/v2\/posts\/1981"}],"collection":[{"href":"https:\/\/neanoticias.com\/index.php\/wp-json\/wp\/v2\/posts"}],"about":[{"href":"https:\/\/neanoticias.com\/index.php\/wp-json\/wp\/v2\/types\/post"}],"author":[{"embeddable":true,"href":"https:\/\/neanoticias.com\/index.php\/wp-json\/wp\/v2\/users\/1"}],"replies":[{"embeddable":true,"href":"https:\/\/neanoticias.com\/index.php\/wp-json\/wp\/v2\/comments?post=1981"}],"version-history":[{"count":1,"href":"https:\/\/neanoticias.com\/index.php\/wp-json\/wp\/v2\/posts\/1981\/revisions"}],"predecessor-version":[{"id":1983,"href":"https:\/\/neanoticias.com\/index.php\/wp-json\/wp\/v2\/posts\/1981\/revisions\/1983"}],"wp:featuredmedia":[{"embeddable":true,"href":"https:\/\/neanoticias.com\/index.php\/wp-json\/wp\/v2\/media\/1982"}],"wp:attachment":[{"href":"https:\/\/neanoticias.com\/index.php\/wp-json\/wp\/v2\/media?parent=1981"}],"wp:term":[{"taxonomy":"category","embeddable":true,"href":"https:\/\/neanoticias.com\/index.php\/wp-json\/wp\/v2\/categories?post=1981"},{"taxonomy":"post_tag","embeddable":true,"href":"https:\/\/neanoticias.com\/index.php\/wp-json\/wp\/v2\/tags?post=1981"}],"curies":[{"name":"wp","href":"https:\/\/api.w.org\/{rel}","templated":true}]}}