{"id":1978,"date":"2025-09-24T14:11:50","date_gmt":"2025-09-24T14:11:50","guid":{"rendered":"https:\/\/neanoticias.com\/?p=1978"},"modified":"2025-09-24T14:11:51","modified_gmt":"2025-09-24T14:11:51","slug":"con-diversas-ofertas-las-ferias-de-la-ciudad-recorreran-los-barrios-y-plazas-centricas","status":"publish","type":"post","link":"https:\/\/neanoticias.com\/index.php\/2025\/09\/24\/con-diversas-ofertas-las-ferias-de-la-ciudad-recorreran-los-barrios-y-plazas-centricas\/","title":{"rendered":"CON DIVERSAS OFERTAS, LAS FERIAS DE LA CIUDAD RECORRER\u00c1N LOS BARRIOS Y PLAZAS C\u00c9NTRICAS"},"content":{"rendered":"\n<p><em>Entre el martes 16 y el domingo 21 de septiembre, las ferias itinerantes organizadas por la Municipalidad volver\u00e1n a realizar su habitual recorrido por los barrios de Corrientes con su oferta de productos de calidad y mejores precios. Los vecinos podr\u00e1n adquirir frutas y verduras, productos manufacturados, artesan\u00edas, plantas ornamentales, entre otras propuestas.<\/em><\/p>\n\n\n\n<p>La Municipalidad de Corrientes contin\u00faa acercando productos de calidad, con interesantes ofertas y combos, a diferentes barrios, a trav\u00e9s de las Ferias de la Ciudad, propuesta coordinada por la Secretar\u00eda de Desarrollo Econ\u00f3mico municipal, a trav\u00e9s de la Subsecretar\u00eda de Econom\u00eda Social.<br><br>La propuesta, aceptada y consolidada por los vecinos, comprende la comercializaci\u00f3n por parte de productores y emprendedores locales de frutas, verduras, panificados caseros, dulces regionales, artesan\u00edas y plantas ornamentales, que ofrecen productos de calidad a buenos precios.<br><br>El martes 16 las sedes ser\u00e1n las instaladas en plaza Torrent -San Lorenzo y Bol\u00edvar- y plaza Los Amigos del barrio Libertad, frente a la escuela N\u00ba6 por calle Brasil, en tanto el mi\u00e9rcoles 17 la iniciativa se repetir\u00e1 en plaza Torrent.<br><br>El jueves 18, los stands estar\u00e1n en plaza La Cruz, por calle Salta, en el barrio del mismo nombre.<br><br>El viernes 19 se repetir\u00e1 la propuesta en el predio de Larrea al 3400 (frente al Colegio Illia) del barrio Laguna Seca; en la plaza Rep\u00fablica del Per\u00fa de las Mil Viviendas; en la plazoleta Los Inmigrantes del barrio Ber\u00f3n de Astrada.<br><br>El recorrido continuar\u00e1 el s\u00e1bado 20, de 8 a 13, por la calle Pil\u00fa G\u00f3mez y Jos\u00e9 Rol\u00f3n, en el parque Mitre. Y por la tarde, en el Paseo Arazaty, de 10 a 22.<br><br>El domingo 21 los puesteros estar\u00e1n en el Paseo Arazaty que ofrecer\u00e1n de 10 a 20, plantas ornamentales, ofertas gastron\u00f3micas, artesan\u00edas y manualidades.<br><br>CRONOGRAMA<br><br>Martes 16 de septiembre: plaza Torrent (Centro) y plaza Los Amigos (Libertad).<br><br>Mi\u00e9rcoles 17 septiembre: plaza Torrent (Centro)<br><br>Jueves 18 de septiembre: plaza La Cruz (barrio La Cruz)<br><br>Viernes 19 de septiembre: Larrea al 3400 del barrio Laguna Seca; plaza Rep\u00fablica del Per\u00fa de las Mil Viviendas; plazoleta Los Inmigrantes del barrio Ber\u00f3n de Astrada.<br><br>S\u00e1bado 20 de septiembre: parque Mitre (barrio Aldana) de 8 a 13, y Paseo Arazaty de 10 a 22<br><br>Domingo 21 de septiembre: Paseo Arazaty, de 10 a 22<\/p>\n\n\n\n<p><\/p>\n","protected":false},"excerpt":{"rendered":"<p>Entre el martes 16 y el domingo 21 de septiembre, las ferias itinerantes organizadas por&#8230;<\/p>\n","protected":false},"author":1,"featured_media":1979,"comment_status":"open","ping_status":"open","sticky":false,"template":"","format":"standard","meta":[],"categories":[1],"tags":[],"_links":{"self":[{"href":"https:\/\/neanoticias.com\/index.php\/wp-json\/wp\/v2\/posts\/1978"}],"collection":[{"href":"https:\/\/neanoticias.com\/index.php\/wp-json\/wp\/v2\/posts"}],"about":[{"href":"https:\/\/neanoticias.com\/index.php\/wp-json\/wp\/v2\/types\/post"}],"author":[{"embeddable":true,"href":"https:\/\/neanoticias.com\/index.php\/wp-json\/wp\/v2\/users\/1"}],"replies":[{"embeddable":true,"href":"https:\/\/neanoticias.com\/index.php\/wp-json\/wp\/v2\/comments?post=1978"}],"version-history":[{"count":1,"href":"https:\/\/neanoticias.com\/index.php\/wp-json\/wp\/v2\/posts\/1978\/revisions"}],"predecessor-version":[{"id":1980,"href":"https:\/\/neanoticias.com\/index.php\/wp-json\/wp\/v2\/posts\/1978\/revisions\/1980"}],"wp:featuredmedia":[{"embeddable":true,"href":"https:\/\/neanoticias.com\/index.php\/wp-json\/wp\/v2\/media\/1979"}],"wp:attachment":[{"href":"https:\/\/neanoticias.com\/index.php\/wp-json\/wp\/v2\/media?parent=1978"}],"wp:term":[{"taxonomy":"category","embeddable":true,"href":"https:\/\/neanoticias.com\/index.php\/wp-json\/wp\/v2\/categories?post=1978"},{"taxonomy":"post_tag","embeddable":true,"href":"https:\/\/neanoticias.com\/index.php\/wp-json\/wp\/v2\/tags?post=1978"}],"curies":[{"name":"wp","href":"https:\/\/api.w.org\/{rel}","templated":true}]}}