{"id":1972,"date":"2025-09-24T14:00:49","date_gmt":"2025-09-24T14:00:49","guid":{"rendered":"https:\/\/neanoticias.com\/?p=1972"},"modified":"2025-09-24T14:00:49","modified_gmt":"2025-09-24T14:00:49","slug":"fue-sorprendido-con-tres-botellas-de-fernet-y-termino-detenido","status":"publish","type":"post","link":"https:\/\/neanoticias.com\/index.php\/2025\/09\/24\/fue-sorprendido-con-tres-botellas-de-fernet-y-termino-detenido\/","title":{"rendered":"FUE SORPRENDIDO CON TRES BOTELLAS DE FERNET Y TERMIN\u00d3 DETENIDO"},"content":{"rendered":"\n<p>Un hombre fue demorado en San Luis del Palmar acusado de robar bebidas de un comercio. La Polic\u00eda recuper\u00f3 los productos y los devolvi\u00f3 al due\u00f1o.<\/p>\n\n\n\n<p>Efectivos de la Comisar\u00eda de Distrito San Luis del Palmar intervinieron este viernes en un hecho de hurto ocurrido en un local comercial de la localidad. De acuerdo con la denuncia, un hombre ingres\u00f3 al negocio con la intenci\u00f3n de simular una compra y, aprovechando un descuido de los empleados, sustrajo varias botellas de fernet de una g\u00f3ndola<\/p>\n\n\n\n<p>Tras el alerta, los polic\u00edas desplegaron un r\u00e1pido operativo que permiti\u00f3 localizar y demorar al sospechoso, un hombre mayor de edad. En el procedimiento se secuestraron tres botellas de fernet, que fueron restituidas al propietario del comercio.<\/p>\n\n\n\n<p>El acusado fue trasladado a la dependencia policial y qued\u00f3 a disposici\u00f3n de la Justicia. Las autoridades contin\u00faan con las diligencias correspondientes al caso.<\/p>\n","protected":false},"excerpt":{"rendered":"<p>Un hombre fue demorado en San Luis del Palmar acusado de robar bebidas de un&#8230;<\/p>\n","protected":false},"author":1,"featured_media":1973,"comment_status":"open","ping_status":"open","sticky":false,"template":"","format":"standard","meta":[],"categories":[1],"tags":[],"_links":{"self":[{"href":"https:\/\/neanoticias.com\/index.php\/wp-json\/wp\/v2\/posts\/1972"}],"collection":[{"href":"https:\/\/neanoticias.com\/index.php\/wp-json\/wp\/v2\/posts"}],"about":[{"href":"https:\/\/neanoticias.com\/index.php\/wp-json\/wp\/v2\/types\/post"}],"author":[{"embeddable":true,"href":"https:\/\/neanoticias.com\/index.php\/wp-json\/wp\/v2\/users\/1"}],"replies":[{"embeddable":true,"href":"https:\/\/neanoticias.com\/index.php\/wp-json\/wp\/v2\/comments?post=1972"}],"version-history":[{"count":1,"href":"https:\/\/neanoticias.com\/index.php\/wp-json\/wp\/v2\/posts\/1972\/revisions"}],"predecessor-version":[{"id":1974,"href":"https:\/\/neanoticias.com\/index.php\/wp-json\/wp\/v2\/posts\/1972\/revisions\/1974"}],"wp:featuredmedia":[{"embeddable":true,"href":"https:\/\/neanoticias.com\/index.php\/wp-json\/wp\/v2\/media\/1973"}],"wp:attachment":[{"href":"https:\/\/neanoticias.com\/index.php\/wp-json\/wp\/v2\/media?parent=1972"}],"wp:term":[{"taxonomy":"category","embeddable":true,"href":"https:\/\/neanoticias.com\/index.php\/wp-json\/wp\/v2\/categories?post=1972"},{"taxonomy":"post_tag","embeddable":true,"href":"https:\/\/neanoticias.com\/index.php\/wp-json\/wp\/v2\/tags?post=1972"}],"curies":[{"name":"wp","href":"https:\/\/api.w.org\/{rel}","templated":true}]}}