{"id":1965,"date":"2025-08-22T17:47:14","date_gmt":"2025-08-22T17:47:14","guid":{"rendered":"https:\/\/neanoticias.com\/?p=1965"},"modified":"2025-08-22T17:47:15","modified_gmt":"2025-08-22T17:47:15","slug":"liga-nacional-tayavek-gallizzi-regresa-a-regatas","status":"publish","type":"post","link":"https:\/\/neanoticias.com\/index.php\/2025\/08\/22\/liga-nacional-tayavek-gallizzi-regresa-a-regatas\/","title":{"rendered":"LIGA NACIONAL: TAYAVEK GALLIZZI REGRESA A REGATAS"},"content":{"rendered":"\n<p>El experimentado interno santafesino de \u00faltimo paso por Flamengo vuelve al club Remero y cierra el plantel. <\/p>\n\n\n\n<p>Cada vez falta menos para que la naranja vuelva a pica en la Liga Nacional de B\u00e1squet con la temporada 2025\/26 en donde el Club de Regatas Corrientes abroch\u00f3 la vuelta de Tayavek Gallizzi para terminar de darle forma a su equipo.<\/p>\n\n\n\n<p>El interno oriundo de Santa Fe, de 32 a\u00f1os (8 de febrero de 1993) y 2,06 metros de altura, regresa al pa\u00eds despu\u00e9s de su paso en el Flamengo de Rio de Janeiro para vestir la camiseta del Remero, la cual ya defendi\u00f3 en tres temporadas<\/p>\n\n\n\n<p>Taya viene de jugar 33 partidos con el conjunto brasilero por la liga dom\u00e9stica, donde promedi\u00f3 5,8 puntos y 3,2 rebotes en 15 minutos de juego. Adem\u00e1s, fue campe\u00f3n de la Basketball Champions League donde disput\u00f3 10 encuentro aportando 7,6 puntos, y 2,9 rebotes en 18 minutos en cancha.<\/p>\n\n\n\n<p>El pivote supo defender los colores del Fantasma de la temporada 2018\/19 a la 2020\/21, de donde dio pas\u00f3 a Instituto de C\u00f3rdoba por dos temporadas seguidas. Luego jug\u00f3 la 2023\/24 en Quimsa de Santiago del Estero y finalmente la pasada en el Mengao.<\/p>\n\n\n\n<p>Su debut en LNB se produjo con la camiseta de Quilmes de Mar del Plata en la 2010\/11, a la temporada siguiente tuvo paso por Uni\u00f3n Progresista de Villa \u00c1ngela donde logr\u00f3 el ascenso y el t\u00edtulo desde el TNA para despu\u00e9s retornar a Quilmes hasta la 2015\/16. De all\u00ed recal\u00f3 en Quimsa y posteriormente pas\u00f3 por La Uni\u00f3n de Formosa en la 2017\/18.<\/p>\n\n\n\n<p>En su palmar\u00e9s cuenta con m\u00faltiples t\u00edtulos. Fue campe\u00f3n del S\u00faper 20 2021, de la LNB 2021\/22 y de la Supercopa de La Liga 2022 con Instituto. Con Quimsa se alz\u00f3 con la Supercopa de La Liga 2023, el S\u00faper 20 2024 y tambi\u00e9n la Champions 2023\/24.<\/p>\n\n\n\n<p>Tiene un amplio recorrido en la Selecci\u00f3n Nacional Argentina, donde fue parte del recordado equipo subcampe\u00f3n del mundo en China 2019, adem\u00e1s de otros importantes logros.<\/p>\n\n\n\n<p>De esta manera, el Club de Regatas Corrientes tiene todo listo para la pr\u00f3xima temporada de Liga Nacional, y en ese sentido dar\u00e1 inicio a los trabajos de pretemporada el pr\u00f3ximo lunes 25 de agosto por la ma\u00f1ana en el estadio del Club Alvear.<\/p>\n","protected":false},"excerpt":{"rendered":"<p>El experimentado interno santafesino de \u00faltimo paso por Flamengo vuelve al club Remero y cierra&#8230;<\/p>\n","protected":false},"author":1,"featured_media":1966,"comment_status":"open","ping_status":"open","sticky":false,"template":"","format":"standard","meta":[],"categories":[1],"tags":[],"_links":{"self":[{"href":"https:\/\/neanoticias.com\/index.php\/wp-json\/wp\/v2\/posts\/1965"}],"collection":[{"href":"https:\/\/neanoticias.com\/index.php\/wp-json\/wp\/v2\/posts"}],"about":[{"href":"https:\/\/neanoticias.com\/index.php\/wp-json\/wp\/v2\/types\/post"}],"author":[{"embeddable":true,"href":"https:\/\/neanoticias.com\/index.php\/wp-json\/wp\/v2\/users\/1"}],"replies":[{"embeddable":true,"href":"https:\/\/neanoticias.com\/index.php\/wp-json\/wp\/v2\/comments?post=1965"}],"version-history":[{"count":1,"href":"https:\/\/neanoticias.com\/index.php\/wp-json\/wp\/v2\/posts\/1965\/revisions"}],"predecessor-version":[{"id":1967,"href":"https:\/\/neanoticias.com\/index.php\/wp-json\/wp\/v2\/posts\/1965\/revisions\/1967"}],"wp:featuredmedia":[{"embeddable":true,"href":"https:\/\/neanoticias.com\/index.php\/wp-json\/wp\/v2\/media\/1966"}],"wp:attachment":[{"href":"https:\/\/neanoticias.com\/index.php\/wp-json\/wp\/v2\/media?parent=1965"}],"wp:term":[{"taxonomy":"category","embeddable":true,"href":"https:\/\/neanoticias.com\/index.php\/wp-json\/wp\/v2\/categories?post=1965"},{"taxonomy":"post_tag","embeddable":true,"href":"https:\/\/neanoticias.com\/index.php\/wp-json\/wp\/v2\/tags?post=1965"}],"curies":[{"name":"wp","href":"https:\/\/api.w.org\/{rel}","templated":true}]}}