{"id":1962,"date":"2025-08-22T17:46:05","date_gmt":"2025-08-22T17:46:05","guid":{"rendered":"https:\/\/neanoticias.com\/?p=1962"},"modified":"2025-08-22T17:46:06","modified_gmt":"2025-08-22T17:46:06","slug":"detuvieron-a-un-hombre-acusado-de-cometer-delitos-sexuales","status":"publish","type":"post","link":"https:\/\/neanoticias.com\/index.php\/2025\/08\/22\/detuvieron-a-un-hombre-acusado-de-cometer-delitos-sexuales\/","title":{"rendered":"DETUVIERON A UN HOMBRE ACUSADO DE COMETER DELITOS SEXUALES"},"content":{"rendered":"\n<p>El procedimiento se realiz\u00f3 en la localidad correntina de Yahap\u00e9 y el sujeto qued\u00f3 a disposici\u00f3n de la Justicia en el marco de una investigaci\u00f3n en curso.<\/p>\n\n\n\n<p>Un hombre mayor de edad fue detenido este mi\u00e9rcoles en Yahap\u00e9, en el marco de una causa judicial por presunta infracci\u00f3n a la Ley N\u00b0 25.087, que tipifica los delitos contra la integridad se<\/p>\n\n\n\n<p>Desde la Subcomisar\u00eda de Paraje Yahap\u00e9 informaron que el procedimiento se concret\u00f3 tras una serie de tareas investigativas y en cumplimiento de un oficio judicial. Seg\u00fan trascendi\u00f3, el detenido estar\u00eda vinculado con un hecho ocurrido en la localidad correntina de Ber\u00f3n de Astrada, lo que motiv\u00f3 su aprehensi\u00f3n.<\/p>\n\n\n\n<p>El hombre fue trasladado a la dependencia policial y puesto a disposici\u00f3n de la autoridad fiscal interviniente, que continuar\u00e1 con las actuaciones correspondientes para el avance de la investigaci\u00f3n.<\/p>\n","protected":false},"excerpt":{"rendered":"<p>El procedimiento se realiz\u00f3 en la localidad correntina de Yahap\u00e9 y el sujeto qued\u00f3 a&#8230;<\/p>\n","protected":false},"author":1,"featured_media":1963,"comment_status":"open","ping_status":"open","sticky":false,"template":"","format":"standard","meta":[],"categories":[1],"tags":[],"_links":{"self":[{"href":"https:\/\/neanoticias.com\/index.php\/wp-json\/wp\/v2\/posts\/1962"}],"collection":[{"href":"https:\/\/neanoticias.com\/index.php\/wp-json\/wp\/v2\/posts"}],"about":[{"href":"https:\/\/neanoticias.com\/index.php\/wp-json\/wp\/v2\/types\/post"}],"author":[{"embeddable":true,"href":"https:\/\/neanoticias.com\/index.php\/wp-json\/wp\/v2\/users\/1"}],"replies":[{"embeddable":true,"href":"https:\/\/neanoticias.com\/index.php\/wp-json\/wp\/v2\/comments?post=1962"}],"version-history":[{"count":1,"href":"https:\/\/neanoticias.com\/index.php\/wp-json\/wp\/v2\/posts\/1962\/revisions"}],"predecessor-version":[{"id":1964,"href":"https:\/\/neanoticias.com\/index.php\/wp-json\/wp\/v2\/posts\/1962\/revisions\/1964"}],"wp:featuredmedia":[{"embeddable":true,"href":"https:\/\/neanoticias.com\/index.php\/wp-json\/wp\/v2\/media\/1963"}],"wp:attachment":[{"href":"https:\/\/neanoticias.com\/index.php\/wp-json\/wp\/v2\/media?parent=1962"}],"wp:term":[{"taxonomy":"category","embeddable":true,"href":"https:\/\/neanoticias.com\/index.php\/wp-json\/wp\/v2\/categories?post=1962"},{"taxonomy":"post_tag","embeddable":true,"href":"https:\/\/neanoticias.com\/index.php\/wp-json\/wp\/v2\/tags?post=1962"}],"curies":[{"name":"wp","href":"https:\/\/api.w.org\/{rel}","templated":true}]}}