{"id":1959,"date":"2025-08-22T17:43:48","date_gmt":"2025-08-22T17:43:48","guid":{"rendered":"https:\/\/neanoticias.com\/?p=1959"},"modified":"2025-08-22T17:43:48","modified_gmt":"2025-08-22T17:43:48","slug":"las-ferias-de-la-ciudad-inician-el-martes-un-nuevo-recorrido-semanal","status":"publish","type":"post","link":"https:\/\/neanoticias.com\/index.php\/2025\/08\/22\/las-ferias-de-la-ciudad-inician-el-martes-un-nuevo-recorrido-semanal\/","title":{"rendered":"LAS FERIAS DE LA CIUDAD INICIAN EL MARTES UN NUEVO RECORRIDO SEMANAL"},"content":{"rendered":"\n<p><em>Los puesteros de verduras, frutas, entre otros productos de inter\u00e9s para los vecinos, se presentar\u00e1n entre el martes 19 y el domingo 24 de agosto en plazas y espacios p\u00fablicos capitalinos. &nbsp;<\/em><\/p>\n\n\n\n<p>Las Ferias de la Ciudad, el programa implementado por la Municipalidad de Corrientes para acercar a los vecinos diferentes productos de calidad, variedad y buenos precios, realizar\u00e1 un nuevo recorrido por plazas y espacios p\u00fablicos entre el 19 y el 24 de agosto, en el horario de 8:00 a 13:00.<br><br>Los puesteros de frutas, verduras, entre otros art\u00edculos de inter\u00e9s como dulces regionales, panificados caseros, artesan\u00edas y plantas ornamentales, se presentar\u00e1n este martes en las plazas Torrent (San Lorenzo entre Belgrano y Bol\u00edvar); y Los Amigos (Juan Pujol entre Pellegrini y Brasil), repiti\u00e9ndose el mi\u00e9rcoles en la plaza Torrent.<br><br>El jueves 21 de agosto estar\u00e1n en la plaza La Cruz, mientras que el viernes 22 visitar\u00e1n tres lugares simult\u00e1neamente. Estar\u00e1n en la plaza Rep\u00fablica del Per\u00fa del conglomerado de las Mil Viviendas; en la plazoleta Los Inmigrantes del barrio Ber\u00f3n de Astrada (frente al Club Hurac\u00e1n Corrientes) y en el barrio Laguna Seca, frente al colegio secundario Presidente Arturo Ill\u00eda.<br><br>Desde la Subsecretar\u00eda de Econom\u00eda Social, dependiente de la Secretar\u00eda de Desarrollo Econ\u00f3mico municipal, invitan a los vecinos a consultar acerca de \u201ccombos especiales\u201d de frutas y verduras que los puesteros ofrecen en cada presentaci\u00f3n.<br><br>El parque Mitre (Pil\u00fa G\u00f3mez y Jos\u00e9 Mar\u00eda Rol\u00f3n), ser\u00e1 escenario el s\u00e1bado de una nueva presentaci\u00f3n de los feriantes, en el horario de 8:00 a 13:00, mientras que el mismo 23 de agosto y el domingo 24, otro grupo estar\u00e1 en el Paseo Arazaty, ofreciendo plantas ornamentales, gastronom\u00eda, artesan\u00edas y manualidades, en horario corrido de 10:00 a 22:00. &nbsp;&nbsp;&nbsp;&nbsp;&nbsp;&nbsp;<br><br>Cronograma<br>Martes 19 de agosto: plaza Torrent y plaza Los Amigos.<br>Mi\u00e9rcoles 20: plaza Torrent.<br>Jueves 21: plaza La Cruz.<br>Viernes 22: plaza Rep\u00fablica del Per\u00fa (Mil Viviendas); plazoleta Los Inmigrantes (B\u00ba Ber\u00f3n de Astrada); barrio Laguna Seca (frente al colegio secundario Presidente Arturo Ill\u00eda).<br>S\u00e1bado 23: Parque Mitre (8:00 a 13:00) y Paseo Arazaty (10:00 a 22:00).<br>Domingo 24: Paseo Arazaty (10:00 a 22:00).&nbsp;<\/p>\n","protected":false},"excerpt":{"rendered":"<p>Los puesteros de verduras, frutas, entre otros productos de inter\u00e9s para los vecinos, se presentar\u00e1n&#8230;<\/p>\n","protected":false},"author":1,"featured_media":1960,"comment_status":"open","ping_status":"open","sticky":false,"template":"","format":"standard","meta":[],"categories":[1],"tags":[],"_links":{"self":[{"href":"https:\/\/neanoticias.com\/index.php\/wp-json\/wp\/v2\/posts\/1959"}],"collection":[{"href":"https:\/\/neanoticias.com\/index.php\/wp-json\/wp\/v2\/posts"}],"about":[{"href":"https:\/\/neanoticias.com\/index.php\/wp-json\/wp\/v2\/types\/post"}],"author":[{"embeddable":true,"href":"https:\/\/neanoticias.com\/index.php\/wp-json\/wp\/v2\/users\/1"}],"replies":[{"embeddable":true,"href":"https:\/\/neanoticias.com\/index.php\/wp-json\/wp\/v2\/comments?post=1959"}],"version-history":[{"count":1,"href":"https:\/\/neanoticias.com\/index.php\/wp-json\/wp\/v2\/posts\/1959\/revisions"}],"predecessor-version":[{"id":1961,"href":"https:\/\/neanoticias.com\/index.php\/wp-json\/wp\/v2\/posts\/1959\/revisions\/1961"}],"wp:featuredmedia":[{"embeddable":true,"href":"https:\/\/neanoticias.com\/index.php\/wp-json\/wp\/v2\/media\/1960"}],"wp:attachment":[{"href":"https:\/\/neanoticias.com\/index.php\/wp-json\/wp\/v2\/media?parent=1959"}],"wp:term":[{"taxonomy":"category","embeddable":true,"href":"https:\/\/neanoticias.com\/index.php\/wp-json\/wp\/v2\/categories?post=1959"},{"taxonomy":"post_tag","embeddable":true,"href":"https:\/\/neanoticias.com\/index.php\/wp-json\/wp\/v2\/tags?post=1959"}],"curies":[{"name":"wp","href":"https:\/\/api.w.org\/{rel}","templated":true}]}}